{"id":74306,"date":"2020-10-25T15:34:47","date_gmt":"2020-10-25T13:34:47","guid":{"rendered":"https:\/\/www.giurgiuveanul.ro\/stiri\/?p=74306"},"modified":"2020-10-25T15:35:37","modified_gmt":"2020-10-25T13:35:37","slug":"jandarmeria-giurgiu-deplange-disparitia-celui-care-a-fost-plutonier-adjutant-panoiu-stelian-care-a-fost-lovit-de-un-autoturism-pe-trecerea-de-pietoni","status":"publish","type":"post","link":"https:\/\/www.giurgiuveanul.ro\/stiri\/jandarmeria-giurgiu-deplange-disparitia-celui-care-a-fost-plutonier-adjutant-panoiu-stelian-care-a-fost-lovit-de-un-autoturism-pe-trecerea-de-pietoni\/","title":{"rendered":"Jandarmeria Giurgiu depl\u00e2nge dispari\u0163ia celui care a fost plutonier adjutant P\u0103noiu Stelian, lovit de un autoturism pe trecerea de pietoni&#8230;"},"content":{"rendered":"<p><a href=\"https:\/\/www.giurgiuveanul.ro\/stiri\/wp-content\/uploads\/2020\/10\/122459298_3492719290789454_5999789046051038432_o.jpg\"><img loading=\"lazy\" decoding=\"async\" class=\"aligncenter wp-image-74307\" src=\"https:\/\/www.giurgiuveanul.ro\/stiri\/wp-content\/uploads\/2020\/10\/122459298_3492719290789454_5999789046051038432_o-437x450.jpg\" alt=\"\" width=\"537\" height=\"553\" srcset=\"https:\/\/www.giurgiuveanul.ro\/stiri\/wp-content\/uploads\/2020\/10\/122459298_3492719290789454_5999789046051038432_o-437x450.jpg 437w, https:\/\/www.giurgiuveanul.ro\/stiri\/wp-content\/uploads\/2020\/10\/122459298_3492719290789454_5999789046051038432_o-250x257.jpg 250w, https:\/\/www.giurgiuveanul.ro\/stiri\/wp-content\/uploads\/2020\/10\/122459298_3492719290789454_5999789046051038432_o-768x791.jpg 768w, https:\/\/www.giurgiuveanul.ro\/stiri\/wp-content\/uploads\/2020\/10\/122459298_3492719290789454_5999789046051038432_o-400x412.jpg 400w, https:\/\/www.giurgiuveanul.ro\/stiri\/wp-content\/uploads\/2020\/10\/122459298_3492719290789454_5999789046051038432_o.jpg 874w\" sizes=\"auto, (max-width: 537px) 100vw, 537px\" \/><\/a>O veste trist\u0103 ne-a cutremurat pe to\u021bi:<!--more--> colegul nostru, <strong>plutonier adjutant P\u0103noiu Stelian<\/strong> a \u00eencetat din via\u021b\u0103, dup\u0103 ce a fost lovit de un autoturism, pe trecerea de pietoni.<\/p>\n<p>A l\u0103sat \u00een urm\u0103 o so\u021bie \u0219i un copil care \u00eel a\u0219teptau acas\u0103.<\/p>\n<p>Plutonier adjutant P\u0103noiu Stelian \u0219i-a desf\u0103\u0219urat activitatea \u00een cadrul Jandarmeriei Rom\u00e2ne din anul 2007, fiind un exemplu de profesionalism, loialitate \u0219i devotament.<\/p>\n<p>Colegii \u00eei sunt al\u0103turi familiei \u00eendurerate \u015fi resimt, cu profund regret, pierderea unui camarad de n\u0103dejde, a unui jandarm profesionist, a unui om bun, a postat Jandarmeria Giurgiu pe pagina de Facebook a institu\u0163iei.<\/p>\n<p><em>Dumnezeu s\u0103-l ierte \u015fi s\u0103-l odihneasc\u0103 \u00een pace!<\/em><\/p>\n","protected":false},"excerpt":{"rendered":"<p>O veste trist\u0103 ne-a cutremurat pe to\u021bi:<\/p>\n","protected":false},"author":1,"featured_media":0,"comment_status":"open","ping_status":"open","sticky":false,"template":"","format":"standard","meta":{"footnotes":""},"categories":[18],"tags":[],"class_list":["post-74306","post","type-post","status-publish","format-standard","hentry","category-tragedie"],"_links":{"self":[{"href":"https:\/\/www.giurgiuveanul.ro\/stiri\/wp-json\/wp\/v2\/posts\/74306","targetHints":{"allow":["GET"]}}],"collection":[{"href":"https:\/\/www.giurgiuveanul.ro\/stiri\/wp-json\/wp\/v2\/posts"}],"about":[{"href":"https:\/\/www.giurgiuveanul.ro\/stiri\/wp-json\/wp\/v2\/types\/post"}],"author":[{"embeddable":true,"href":"https:\/\/www.giurgiuveanul.ro\/stiri\/wp-json\/wp\/v2\/users\/1"}],"replies":[{"embeddable":true,"href":"https:\/\/www.giurgiuveanul.ro\/stiri\/wp-json\/wp\/v2\/comments?post=74306"}],"version-history":[{"count":0,"href":"https:\/\/www.giurgiuveanul.ro\/stiri\/wp-json\/wp\/v2\/posts\/74306\/revisions"}],"wp:attachment":[{"href":"https:\/\/www.giurgiuveanul.ro\/stiri\/wp-json\/wp\/v2\/media?parent=74306"}],"wp:term":[{"taxonomy":"category","embeddable":true,"href":"https:\/\/www.giurgiuveanul.ro\/stiri\/wp-json\/wp\/v2\/categories?post=74306"},{"taxonomy":"post_tag","embeddable":true,"href":"https:\/\/www.giurgiuveanul.ro\/stiri\/wp-json\/wp\/v2\/tags?post=74306"}],"curies":[{"name":"wp","href":"https:\/\/api.w.org\/{rel}","templated":true}]}}