{"id":76573,"date":"2021-01-04T13:54:00","date_gmt":"2021-01-04T11:54:00","guid":{"rendered":"https:\/\/www.giurgiuveanul.ro\/stiri\/?p=76573"},"modified":"2021-01-04T13:54:22","modified_gmt":"2021-01-04T11:54:22","slug":"presedintele-psd-giurgiu-implineste-astazi-o-frumoasa-varsta-la-multi-ani-domnule-deputat-marian-mina","status":"publish","type":"post","link":"https:\/\/www.giurgiuveanul.ro\/stiri\/presedintele-psd-giurgiu-implineste-astazi-o-frumoasa-varsta-la-multi-ani-domnule-deputat-marian-mina\/","title":{"rendered":"Pre\u015fedintele PSD Giurgiu \u00eempline\u015fte ast\u0103zi o frumoas\u0103 v\u00e2rst\u0103. La Mul\u0163i Ani, domnule deputat Marian Mina!"},"content":{"rendered":"<p style=\"text-align: justify;\"><a href=\"https:\/\/www.giurgiuveanul.ro\/stiri\/wp-content\/uploads\/2021\/01\/IMG_8025-2.jpg\"><img loading=\"lazy\" decoding=\"async\" class=\"aligncenter wp-image-76574\" src=\"https:\/\/www.giurgiuveanul.ro\/stiri\/wp-content\/uploads\/2021\/01\/IMG_8025-2-539x450.jpg\" alt=\"\" width=\"574\" height=\"479\" srcset=\"https:\/\/www.giurgiuveanul.ro\/stiri\/wp-content\/uploads\/2021\/01\/IMG_8025-2-539x450.jpg 539w, https:\/\/www.giurgiuveanul.ro\/stiri\/wp-content\/uploads\/2021\/01\/IMG_8025-2-250x209.jpg 250w, https:\/\/www.giurgiuveanul.ro\/stiri\/wp-content\/uploads\/2021\/01\/IMG_8025-2-768x642.jpg 768w, https:\/\/www.giurgiuveanul.ro\/stiri\/wp-content\/uploads\/2021\/01\/IMG_8025-2-400x334.jpg 400w, https:\/\/www.giurgiuveanul.ro\/stiri\/wp-content\/uploads\/2021\/01\/IMG_8025-2.jpg 900w\" sizes=\"auto, (max-width: 574px) 100vw, 574px\" \/><\/a>Pre\u015fedintele PSD Giurgiu, deputatul Marian Mina, \u00eempline\u015fte, ast\u0103zi,<!--more--> 44 de ani &#8211; o frumoas\u0103 v\u00e2rst\u0103, prilej cu care redac\u0163ia \u201eGiurgiuveanul\u201d \u00eei ureaz\u0103 \u201eLa Mul\u0163i Ani!\u201d, s\u0103n\u0103tate, putere de munc\u0103 \u015fi \u00eempliniri \u00een plan personal \u015fi profesional.<\/p>\n<p style=\"text-align: justify;\">V\u0103 dorim s\u0103 fi\u0163i mereu a\u015fa cum sunte\u0163i: al\u0103turi de oameni \u015fi la bine, \u015fi la greu, hot\u0103r\u00e2t \u015fi implicat \u00een comunitate!<\/p>\n<p style=\"text-align: justify;\"><em>La Mul\u021bi Ani, domnule pre\u015fedinte Marian Mina!<\/em><\/p>\n","protected":false},"excerpt":{"rendered":"<p>Pre\u015fedintele PSD Giurgiu, deputatul Marian Mina, \u00eempline\u015fte, ast\u0103zi,<\/p>\n","protected":false},"author":1,"featured_media":0,"comment_status":"open","ping_status":"open","sticky":false,"template":"","format":"standard","meta":{"footnotes":""},"categories":[16],"tags":[],"class_list":["post-76573","post","type-post","status-publish","format-standard","hentry","category-astazi-e-ziua-ta"],"_links":{"self":[{"href":"https:\/\/www.giurgiuveanul.ro\/stiri\/wp-json\/wp\/v2\/posts\/76573","targetHints":{"allow":["GET"]}}],"collection":[{"href":"https:\/\/www.giurgiuveanul.ro\/stiri\/wp-json\/wp\/v2\/posts"}],"about":[{"href":"https:\/\/www.giurgiuveanul.ro\/stiri\/wp-json\/wp\/v2\/types\/post"}],"author":[{"embeddable":true,"href":"https:\/\/www.giurgiuveanul.ro\/stiri\/wp-json\/wp\/v2\/users\/1"}],"replies":[{"embeddable":true,"href":"https:\/\/www.giurgiuveanul.ro\/stiri\/wp-json\/wp\/v2\/comments?post=76573"}],"version-history":[{"count":0,"href":"https:\/\/www.giurgiuveanul.ro\/stiri\/wp-json\/wp\/v2\/posts\/76573\/revisions"}],"wp:attachment":[{"href":"https:\/\/www.giurgiuveanul.ro\/stiri\/wp-json\/wp\/v2\/media?parent=76573"}],"wp:term":[{"taxonomy":"category","embeddable":true,"href":"https:\/\/www.giurgiuveanul.ro\/stiri\/wp-json\/wp\/v2\/categories?post=76573"},{"taxonomy":"post_tag","embeddable":true,"href":"https:\/\/www.giurgiuveanul.ro\/stiri\/wp-json\/wp\/v2\/tags?post=76573"}],"curies":[{"name":"wp","href":"https:\/\/api.w.org\/{rel}","templated":true}]}}