{"id":76820,"date":"2021-01-15T16:00:41","date_gmt":"2021-01-15T14:00:41","guid":{"rendered":"https:\/\/www.giurgiuveanul.ro\/stiri\/?p=76820"},"modified":"2021-01-15T16:01:23","modified_gmt":"2021-01-15T14:01:23","slug":"in-memoriam-inginer-dumitru-kirita-fost-director-adjunct-al-fabricii-de-zahar-giurgiu","status":"publish","type":"post","link":"https:\/\/www.giurgiuveanul.ro\/stiri\/in-memoriam-inginer-dumitru-kirita-fost-director-adjunct-al-fabricii-de-zahar-giurgiu\/","title":{"rendered":"IN MEMORIAM. Inginer Dumitru Kiri\u0163\u0103, fost director adjunct al Fabricii de zah\u0103r Giurgiu\u2026"},"content":{"rendered":"<p style=\"text-align: center;\"><a href=\"https:\/\/www.giurgiuveanul.ro\/stiri\/wp-content\/uploads\/2021\/01\/thumbnail-1-2.jpg\"><img loading=\"lazy\" decoding=\"async\" class=\"aligncenter wp-image-76821\" src=\"https:\/\/www.giurgiuveanul.ro\/stiri\/wp-content\/uploads\/2021\/01\/thumbnail-1-2-526x450.jpg\" alt=\"\" width=\"560\" height=\"479\" srcset=\"https:\/\/www.giurgiuveanul.ro\/stiri\/wp-content\/uploads\/2021\/01\/thumbnail-1-2-526x450.jpg 526w, https:\/\/www.giurgiuveanul.ro\/stiri\/wp-content\/uploads\/2021\/01\/thumbnail-1-2-250x214.jpg 250w, https:\/\/www.giurgiuveanul.ro\/stiri\/wp-content\/uploads\/2021\/01\/thumbnail-1-2-768x657.jpg 768w, https:\/\/www.giurgiuveanul.ro\/stiri\/wp-content\/uploads\/2021\/01\/thumbnail-1-2-400x342.jpg 400w, https:\/\/www.giurgiuveanul.ro\/stiri\/wp-content\/uploads\/2021\/01\/thumbnail-1-2.jpg 800w\" sizes=\"auto, (max-width: 560px) 100vw, 560px\" \/><\/a>Cu profund\u0103 triste\u0163e \u015fi durere \u00een suflete,<!--more--> familia <strong>Dr. Mirela si Alexandru Trifan <\/strong><\/p>\n<p style=\"text-align: center;\">comemoreaz\u0103 cinci ani de la plecarea dintre noi<\/p>\n<p style=\"text-align: center;\">a iubitului lor tat\u0103 \u015fi socru,<\/p>\n<p style=\"text-align: center;\"><strong>DUMITRU KIRI\u0162\u0102 <\/strong><\/p>\n<p style=\"text-align: center;\"><em>(03.06.1923-16.01.2016), <\/em><\/p>\n<p style=\"text-align: center;\">personalitate cunoscut\u0103 pentru activitatea sa profesional\u0103 \u00een comunitate,<\/p>\n<p style=\"text-align: center;\">\u00een calitate de inginer-Director Adjunct al Fabricii de zah\u0103r Giurgiu.<\/p>\n<p style=\"text-align: center;\">Apreciat \u015fi iubit de familie, prieteni, colegi, pentru bun\u0103tatea sa,<\/p>\n<p style=\"text-align: center;\">d\u0103ruire, generozitate, sufletul ales, dragostea cu care \u015fi-a ocrotit familia,<\/p>\n<p style=\"text-align: center;\">model de corectitudine \u015fi ata\u015fament pentru cei \u00een mijlocul c\u0103rora a tr\u0103it,<\/p>\n<p style=\"text-align: center;\">\u00a0 las\u0103 o amintire ne\u015ftears\u0103 \u00een inimile oamenilor care l-au cunoscut, respectat \u015fi iubit.<\/p>\n<p style=\"text-align: center;\">Ve\u015fnic va tr\u0103i in sufletele noaste &#8211; nu va fi niciodat\u0103 uitat.<\/p>\n<p style=\"text-align: center;\"><strong><em>DUMNEZEU S\u0102 \u00ceL ODIHNEASC\u0102 \u00ceN PACE!<\/em><\/strong><\/p>\n","protected":false},"excerpt":{"rendered":"<p>Cu profund\u0103 triste\u0163e \u015fi durere \u00een suflete,<\/p>\n","protected":false},"author":1,"featured_media":0,"comment_status":"open","ping_status":"open","sticky":false,"template":"","format":"standard","meta":{"footnotes":""},"categories":[17],"tags":[],"class_list":["post-76820","post","type-post","status-publish","format-standard","hentry","category-remember"],"_links":{"self":[{"href":"https:\/\/www.giurgiuveanul.ro\/stiri\/wp-json\/wp\/v2\/posts\/76820","targetHints":{"allow":["GET"]}}],"collection":[{"href":"https:\/\/www.giurgiuveanul.ro\/stiri\/wp-json\/wp\/v2\/posts"}],"about":[{"href":"https:\/\/www.giurgiuveanul.ro\/stiri\/wp-json\/wp\/v2\/types\/post"}],"author":[{"embeddable":true,"href":"https:\/\/www.giurgiuveanul.ro\/stiri\/wp-json\/wp\/v2\/users\/1"}],"replies":[{"embeddable":true,"href":"https:\/\/www.giurgiuveanul.ro\/stiri\/wp-json\/wp\/v2\/comments?post=76820"}],"version-history":[{"count":0,"href":"https:\/\/www.giurgiuveanul.ro\/stiri\/wp-json\/wp\/v2\/posts\/76820\/revisions"}],"wp:attachment":[{"href":"https:\/\/www.giurgiuveanul.ro\/stiri\/wp-json\/wp\/v2\/media?parent=76820"}],"wp:term":[{"taxonomy":"category","embeddable":true,"href":"https:\/\/www.giurgiuveanul.ro\/stiri\/wp-json\/wp\/v2\/categories?post=76820"},{"taxonomy":"post_tag","embeddable":true,"href":"https:\/\/www.giurgiuveanul.ro\/stiri\/wp-json\/wp\/v2\/tags?post=76820"}],"curies":[{"name":"wp","href":"https:\/\/api.w.org\/{rel}","templated":true}]}}