{"id":77016,"date":"2021-01-22T16:44:13","date_gmt":"2021-01-22T14:44:13","guid":{"rendered":"https:\/\/www.giurgiuveanul.ro\/stiri\/?p=77016"},"modified":"2021-01-22T16:44:42","modified_gmt":"2021-01-22T14:44:42","slug":"la-multi-ani-doamna-inspector-scolar-general-adelina-sirbu","status":"publish","type":"post","link":"https:\/\/www.giurgiuveanul.ro\/stiri\/la-multi-ani-doamna-inspector-scolar-general-adelina-sirbu\/","title":{"rendered":"La Mul\u0163i Ani, doamna inspector \u015fcolar general Adelina S\u00eerbu!"},"content":{"rendered":"<p style=\"text-align: justify;\"><a href=\"https:\/\/www.giurgiuveanul.ro\/stiri\/wp-content\/uploads\/2021\/01\/Adelina-Sirbu-by-Giurgiuveanul.jpg\"><img loading=\"lazy\" decoding=\"async\" class=\"aligncenter wp-image-77017\" src=\"https:\/\/www.giurgiuveanul.ro\/stiri\/wp-content\/uploads\/2021\/01\/Adelina-Sirbu-by-Giurgiuveanul-476x450.jpg\" alt=\"\" width=\"581\" height=\"549\" srcset=\"https:\/\/www.giurgiuveanul.ro\/stiri\/wp-content\/uploads\/2021\/01\/Adelina-Sirbu-by-Giurgiuveanul-476x450.jpg 476w, https:\/\/www.giurgiuveanul.ro\/stiri\/wp-content\/uploads\/2021\/01\/Adelina-Sirbu-by-Giurgiuveanul-250x237.jpg 250w, https:\/\/www.giurgiuveanul.ro\/stiri\/wp-content\/uploads\/2021\/01\/Adelina-Sirbu-by-Giurgiuveanul-768x727.jpg 768w, https:\/\/www.giurgiuveanul.ro\/stiri\/wp-content\/uploads\/2021\/01\/Adelina-Sirbu-by-Giurgiuveanul-400x379.jpg 400w, https:\/\/www.giurgiuveanul.ro\/stiri\/wp-content\/uploads\/2021\/01\/Adelina-Sirbu-by-Giurgiuveanul.jpg 800w\" sizes=\"auto, (max-width: 581px) 100vw, 581px\" \/><\/a>Ast\u0103zi este<!--more--> o zi special\u0103 pentru <strong>doamna profesor Adelina S\u00eerbu<\/strong>, <em>inspector \u015fcolar general al Inspectoratului \u015ecolar Jude\u0163ean Giurgiu<\/em>.<\/p>\n<p style=\"text-align: justify;\">Ziua dumneavoastr\u0103 de na\u0219tere ne ofer\u0103 deosebita pl\u0103cere de a v\u0103 transmite cele mai frumoase g\u00e2nduri \u0219i ur\u0103ri de bine.<\/p>\n<p style=\"text-align: justify;\">V\u0103 dorim mult\u0103 s\u0103n\u0103tate, fericire, noi ini\u021biative \u0219i performan\u021be, cer senin, pace \u00een cas\u0103, bun\u0103stare \u0219i realizarea tuturor aspira\u021biilor.<\/p>\n<p style=\"text-align: justify;\">Fie ca Bunul Dumnezeu s\u0103 v\u0103 \u00eemplineasc\u0103 toate dorin\u021bele \u0219i s\u0103 v\u0103 d\u0103ruiasc\u0103 mul\u021bi ani ferici\u021bi al\u0103turi de cei dragi!<\/p>\n<p style=\"text-align: justify;\"><strong><em>La Mul\u0163i Ani!<\/em><\/strong><\/p>\n","protected":false},"excerpt":{"rendered":"<p>Ast\u0103zi este<\/p>\n","protected":false},"author":2,"featured_media":0,"comment_status":"open","ping_status":"open","sticky":false,"template":"","format":"standard","meta":{"footnotes":""},"categories":[16],"tags":[],"class_list":["post-77016","post","type-post","status-publish","format-standard","hentry","category-astazi-e-ziua-ta"],"_links":{"self":[{"href":"https:\/\/www.giurgiuveanul.ro\/stiri\/wp-json\/wp\/v2\/posts\/77016","targetHints":{"allow":["GET"]}}],"collection":[{"href":"https:\/\/www.giurgiuveanul.ro\/stiri\/wp-json\/wp\/v2\/posts"}],"about":[{"href":"https:\/\/www.giurgiuveanul.ro\/stiri\/wp-json\/wp\/v2\/types\/post"}],"author":[{"embeddable":true,"href":"https:\/\/www.giurgiuveanul.ro\/stiri\/wp-json\/wp\/v2\/users\/2"}],"replies":[{"embeddable":true,"href":"https:\/\/www.giurgiuveanul.ro\/stiri\/wp-json\/wp\/v2\/comments?post=77016"}],"version-history":[{"count":0,"href":"https:\/\/www.giurgiuveanul.ro\/stiri\/wp-json\/wp\/v2\/posts\/77016\/revisions"}],"wp:attachment":[{"href":"https:\/\/www.giurgiuveanul.ro\/stiri\/wp-json\/wp\/v2\/media?parent=77016"}],"wp:term":[{"taxonomy":"category","embeddable":true,"href":"https:\/\/www.giurgiuveanul.ro\/stiri\/wp-json\/wp\/v2\/categories?post=77016"},{"taxonomy":"post_tag","embeddable":true,"href":"https:\/\/www.giurgiuveanul.ro\/stiri\/wp-json\/wp\/v2\/tags?post=77016"}],"curies":[{"name":"wp","href":"https:\/\/api.w.org\/{rel}","templated":true}]}}