{"id":77230,"date":"2021-02-01T18:28:57","date_gmt":"2021-02-01T16:28:57","guid":{"rendered":"https:\/\/www.giurgiuveanul.ro\/stiri\/?p=77230"},"modified":"2021-02-01T18:29:12","modified_gmt":"2021-02-01T16:29:12","slug":"webinar-public-oportunitati-si-obstacole-in-implementarea-dreptului-la-seminte-conform-declaratiei-onu-pentru-drepturile-taranilor-si-ale-altor-persoane-care-lucreaza-in-mediul-rural-in-romania","status":"publish","type":"post","link":"https:\/\/www.giurgiuveanul.ro\/stiri\/webinar-public-oportunitati-si-obstacole-in-implementarea-dreptului-la-seminte-conform-declaratiei-onu-pentru-drepturile-taranilor-si-ale-altor-persoane-care-lucreaza-in-mediul-rural-in-romania\/","title":{"rendered":"Webinar public: Oportunit\u0103\u021bi \u0219i obstacole \u00een implementarea Dreptului la Semin\u021be, conform Declara\u021biei ONU pentru Drepturile \u021a\u0103ranilor \u0219i ale altor persoane care lucreaz\u0103 \u00een mediul rural \u00een Rom\u00e2nia"},"content":{"rendered":"<p style=\"text-align: justify;\"><strong><a href=\"https:\/\/www.giurgiuveanul.ro\/stiri\/wp-content\/uploads\/2021\/02\/thumbnail.png\"><img loading=\"lazy\" decoding=\"async\" class=\"aligncenter wp-image-77231\" src=\"https:\/\/www.giurgiuveanul.ro\/stiri\/wp-content\/uploads\/2021\/02\/thumbnail-444x450.png\" alt=\"\" width=\"565\" height=\"573\" srcset=\"https:\/\/www.giurgiuveanul.ro\/stiri\/wp-content\/uploads\/2021\/02\/thumbnail-444x450.png 444w, https:\/\/www.giurgiuveanul.ro\/stiri\/wp-content\/uploads\/2021\/02\/thumbnail-250x253.png 250w, https:\/\/www.giurgiuveanul.ro\/stiri\/wp-content\/uploads\/2021\/02\/thumbnail-768x778.png 768w, https:\/\/www.giurgiuveanul.ro\/stiri\/wp-content\/uploads\/2021\/02\/thumbnail-400x405.png 400w, https:\/\/www.giurgiuveanul.ro\/stiri\/wp-content\/uploads\/2021\/02\/thumbnail.png 1080w\" sizes=\"auto, (max-width: 565px) 100vw, 565px\" \/><\/a>Asocia\u021bia \u021b\u0103r\u0103neasc\u0103 Eco Ruralis \u00eempreun\u0103 cu Academia<!--more--> de la Geneva au pl\u0103cerea s\u0103 v\u0103 invite la webinarul public organizat\u00a0mar\u021bi, 2 februare 2021, \u00eentre orele 14:30 \u2013 16:30, cu tema\u00a0Oportunit\u0103\u021bi \u0219i obstacole \u00een implementarea Dreptului la Semin\u021be conform Declara\u021biei ONU pentru Drepturile \u021a\u0103ranilor \u0219i ale altor persoane care lucreaz\u0103 \u00een mediul rural \u00een Rom\u00e2nia.<\/strong><\/p>\n<div style=\"text-align: justify;\">\n<p>Prin acest eveniment, ne propunem s\u0103 dezbatem al\u0103turi de reprezentan\u021bi ai asocia\u021biilor \u021b\u0103r\u0103ne\u0219ti, mediului academic \u0219i institu\u021biilor publice relevante oportunitatea pe care Declara\u021bia ONU pentru Drepturile \u021a\u0103ranilor o reprezint\u0103 \u00een protejarea semin\u021belor \u021b\u0103r\u0103ne\u0219ti, a agrobiodiversit\u0103\u021bii \u0219i a milioanelor de \u021b\u0103rani \u0219i \u021b\u0103r\u0103nci din Rom\u00e2nia.<\/p>\n<p>Aceast\u0103 Declara\u021bie este un instrument unic la dispozi\u021bia statelor lumii pentru a reface balan\u021ba inegalit\u0103\u021bii sociale dintre rural \u0219i urban. Mai mult ca niciodat\u0103 e necesar\u0103 recunoa\u0219terea rolului esen\u021bial \u00eendeplinit de \u021b\u0103rani \u00een societate, ca p\u0103str\u0103tori de semin\u021be \u021b\u0103r\u0103ne\u0219ti, produc\u0103tori de hran\u0103 \u0219i men\u021bin\u0103tori ai biodiversit\u0103\u021bii agricole. Ve\u021bi afla mai multe \u0219i despre ini\u021biativele de produc\u021bie, distribu\u021bie \u0219i schimburi de semin\u021be \u021b\u0103r\u0103ne\u0219ti, care s-au dezvoltat \u00een Rom\u00e2nia, extrem de populare \u00een r\u00e2ndul \u021b\u0103ranilor \u0219i tuturor celor preocupa\u021bi de hran\u0103 s\u0103n\u0103toas\u0103.<\/p>\n<p><strong>Webinarul va fi public, cu invitarea presei \u0219i se va desf\u0103\u0219ura online, beneficiind de interpretare simultan\u0103 \u00een limbile rom\u00e2n\u0103 \u0219i englez\u0103.<\/strong><\/p>\n<p><strong>\u00cenregistrarea la webinar se face acces\u00e2nd link-ul:<\/strong><br \/>\n<a href=\"http:\/\/4txog.r.a.d.sendibm1.com\/mk\/cl\/f\/Wu94DyN3B4gQaQIXGsBfU4K9vJMb0iQUae8PCapwmgSJ2ZXCIRpd7xSZWlyuS9vHRaisEJcALIS2vwFZhtx-0zet9e0oiYXIniU53XmaHwsoM0NQ2RCU5bSecQ967gqqqWAbFh1bg6944YTEKaADJiMTGsFy6IPJTuMQkhdfqCzaI0hX9Q7fOdKi14U4kJdVAMVLnni23ACs9hfo9UkmtTUoQr1JMulK5OP5RnqcinD_tusVPRsxJNlk1qERZuWPvcQ63Sf8AVfmzuvBjc4Q1Yhu9dTHahNqQwUxsQZx5lC3gnERqrFYD9ZLFo43hJZusA\" target=\"_blank\" rel=\"nofollow noopener noreferrer\">https:\/\/us02web.zoom.us\/webinar\/register\/WN_y1pdPmamQ2KN2vnMJTEMdw<\/a><\/p>\n<\/div>\n<div style=\"text-align: justify;\"><\/div>\n<div style=\"text-align: justify;\"><\/div>\n<div style=\"text-align: justify;\"><strong>Program<\/strong><\/div>\n<div style=\"text-align: justify;\"><\/div>\n<div>\n<div style=\"text-align: justify;\">14:30 \u2013 14:35\u00a0 \u00a0<strong>Bun venit | Introducere aspecte tehnice<\/strong><\/div>\n<div style=\"text-align: justify;\"><\/div>\n<div>\n<div style=\"text-align: justify;\">14:35 &#8211; 14:50\u00a0 \u00a0\u00a0<strong>Prezentarea Declara\u021biei ONU a Drepturilor \u021a\u0103ranilor \u0219i altor persoane care lucreaz\u0103 \u00een mediul rural.<\/strong><\/div>\n<div style=\"text-align: justify;\">\u00a0 \u00a0 \u00a0 \u00a0 \u00a0 \u00a0 \u00a0 \u00a0 \u00a0 \u00a0 \u00a0 \u00a0 \u00a0Christophe Golay, Academia din Geneva<\/div>\n<div style=\"text-align: justify;\"><\/div>\n<div>\n<div style=\"text-align: justify;\">14:50 \u2013 15:00\u00a0 \u00a0<strong>Cum poate fi adaptat sistemul na\u021bional de produc\u021bie a semin\u021belor pentru a recunoa\u0219te rolul \u021b\u0103ranilor \u0219i micilor produc\u0103tori din Rom\u00e2nia?<\/strong><\/div>\n<div style=\"text-align: justify;\">\u00a0 \u00a0 \u00a0 \u00a0 \u00a0 \u00a0 \u00a0 \u00a0 \u00a0 \u00a0 \u00a0 \u00a0 \u00a0Iulia Petrea, consultant Direc\u021bia General\u0103 Afaceri Europene \u0219i Rela\u021bii Interna\u021bionale a Ministerului Agriculturii \u0219i Dezvolt\u0103rii Durabile<\/div>\n<div style=\"text-align: justify;\"><\/div>\n<div>\n<div>\n<p>15:00 \u2013 15:20\u00a0 \u00a0<strong>\u00a0<\/strong><strong>Importan\u021ba agrobiodiversit\u0103\u021bii \u0219i a soiurilor locale de semin\u021be \u00een combaterea efectelor schimb\u0103rilor climatice<\/strong><\/p>\n<div style=\"text-align: justify;\">\u00a0 \u00a0 \u00a0 \u00a0 \u00a0 \u00a0 \u00a0 \u00a0 \u00a0 \u00a0 \u00a0 \u00a0 \u00a0 Victor Petcu, Institutul Na\u021bional de Cercetare-Dezvoltare Fundulea<br \/>\nCostel V\u00e2n\u0103toru, Sta\u0163iunea de Cercetare-Dezvoltare pentru Legumicultur\u0103 Buz\u0103u<\/div>\n<div style=\"text-align: justify;\"><\/div>\n<div>\n<div>\n<p>15:20 \u2013 15:45\u00a0 \u00a0 \u00a0<strong>Perspectiva \u021b\u0103ranilor \u0219i a micilor produc\u0103tori asupra dreptului la semin\u021be<\/strong><\/p>\n<div style=\"text-align: justify;\">\u00a0 \u00a0 \u00a0 \u00a0 \u00a0 \u00a0 \u00a0 \u00a0 \u00a0 \u00a0 \u00a0 \u00a0 \u00a0 \u00a0Ramona Duminicioiu, Asocia\u021bia Eco Ruralis<\/div>\n<div style=\"text-align: justify;\">\u00a0 \u00a0 \u00a0 \u00a0 \u00a0 \u00a0 \u00a0 \u00a0 \u00a0 \u00a0 \u00a0 \u00a0 \u00a0 \u00a0Constantin Dobrescu, Federa\u021bia Asocia\u021biilor Apicole din Rom\u00e2nia<\/div>\n<div style=\"text-align: justify;\"><\/div>\n<div>\n<div style=\"text-align: justify;\">15:45 \u2013 16:25\u00a0 \u00a0 \u00a0<strong>Sesiune de \u00eentreb\u0103ri \u0219i r\u0103spunsuri \u0219i discu\u021bie<\/strong><\/div>\n<div style=\"text-align: justify;\"><\/div>\n<div>\n<div style=\"text-align: justify;\">16:25 \u2013 16:30\u00a0 \u00a0 \u00a0<strong>Concluzii<\/strong><\/div>\n<\/div>\n<\/div>\n<\/div>\n<\/div>\n<\/div>\n<\/div>\n<\/div>\n<\/div>\n<\/div>\n","protected":false},"excerpt":{"rendered":"<p>Asocia\u021bia \u021b\u0103r\u0103neasc\u0103 Eco Ruralis \u00eempreun\u0103 cu Academia<\/p>\n","protected":false},"author":1,"featured_media":0,"comment_status":"open","ping_status":"open","sticky":false,"template":"","format":"standard","meta":{"footnotes":""},"categories":[8],"tags":[],"class_list":["post-77230","post","type-post","status-publish","format-standard","hentry","category-alert-news"],"_links":{"self":[{"href":"https:\/\/www.giurgiuveanul.ro\/stiri\/wp-json\/wp\/v2\/posts\/77230","targetHints":{"allow":["GET"]}}],"collection":[{"href":"https:\/\/www.giurgiuveanul.ro\/stiri\/wp-json\/wp\/v2\/posts"}],"about":[{"href":"https:\/\/www.giurgiuveanul.ro\/stiri\/wp-json\/wp\/v2\/types\/post"}],"author":[{"embeddable":true,"href":"https:\/\/www.giurgiuveanul.ro\/stiri\/wp-json\/wp\/v2\/users\/1"}],"replies":[{"embeddable":true,"href":"https:\/\/www.giurgiuveanul.ro\/stiri\/wp-json\/wp\/v2\/comments?post=77230"}],"version-history":[{"count":0,"href":"https:\/\/www.giurgiuveanul.ro\/stiri\/wp-json\/wp\/v2\/posts\/77230\/revisions"}],"wp:attachment":[{"href":"https:\/\/www.giurgiuveanul.ro\/stiri\/wp-json\/wp\/v2\/media?parent=77230"}],"wp:term":[{"taxonomy":"category","embeddable":true,"href":"https:\/\/www.giurgiuveanul.ro\/stiri\/wp-json\/wp\/v2\/categories?post=77230"},{"taxonomy":"post_tag","embeddable":true,"href":"https:\/\/www.giurgiuveanul.ro\/stiri\/wp-json\/wp\/v2\/tags?post=77230"}],"curies":[{"name":"wp","href":"https:\/\/api.w.org\/{rel}","templated":true}]}}