{"id":77378,"date":"2021-02-06T17:42:15","date_gmt":"2021-02-06T15:42:15","guid":{"rendered":"https:\/\/www.giurgiuveanul.ro\/stiri\/?p=77378"},"modified":"2021-02-06T17:42:15","modified_gmt":"2021-02-06T15:42:15","slug":"centrul-de-zi-luceafarul-va-fi-redeschis","status":"publish","type":"post","link":"https:\/\/www.giurgiuveanul.ro\/stiri\/centrul-de-zi-luceafarul-va-fi-redeschis\/","title":{"rendered":"Centrul de zi \u201cLuceaf\u0103rul\u201d va fi redeschis"},"content":{"rendered":"<p style=\"text-align: justify;\"><a href=\"https:\/\/www.giurgiuveanul.ro\/stiri\/wp-content\/uploads\/2021\/02\/cz1.jpg\"><img loading=\"lazy\" decoding=\"async\" class=\"aligncenter size-large wp-image-77379\" src=\"https:\/\/www.giurgiuveanul.ro\/stiri\/wp-content\/uploads\/2021\/02\/cz1-560x307.jpg\" alt=\"\" width=\"560\" height=\"307\" srcset=\"https:\/\/www.giurgiuveanul.ro\/stiri\/wp-content\/uploads\/2021\/02\/cz1-560x307.jpg 560w, https:\/\/www.giurgiuveanul.ro\/stiri\/wp-content\/uploads\/2021\/02\/cz1-250x137.jpg 250w, https:\/\/www.giurgiuveanul.ro\/stiri\/wp-content\/uploads\/2021\/02\/cz1-768x421.jpg 768w, https:\/\/www.giurgiuveanul.ro\/stiri\/wp-content\/uploads\/2021\/02\/cz1-400x219.jpg 400w, https:\/\/www.giurgiuveanul.ro\/stiri\/wp-content\/uploads\/2021\/02\/cz1.jpg 987w\" sizes=\"auto, (max-width: 560px) 100vw, 560px\" \/><\/a>Centrul de zi \u201cLuceaf\u0103rul\u201d, aflat \u00een<!--more--> subordinea Direc\u0163iei de Asisten\u0163\u0103 Social\u0103 \u015fi Protec\u0163ia Copilului Giurgiu, va fi redeschis \u00een data de 8 februarie 2021, \u00een aceea\u0219i zi cu redeschiderea \u0219colilor.<br \/>\nCentrul situat \u00een municipiul Giurgiu (strada 1 Decembrie 1918 nr. 83) are drept scop prevenirea abandonului \u015fi institu\u0163ionaliz\u0103rii copiilor proveni\u0163i din familii de pe raza municipiul Giurgiu aflate \u00een situa\u0163ie de dificultate.<\/p>\n<p style=\"text-align: justify;\"><a href=\"https:\/\/www.giurgiuveanul.ro\/stiri\/wp-content\/uploads\/2021\/02\/cz2.jpg\"><img loading=\"lazy\" decoding=\"async\" class=\"aligncenter size-large wp-image-77380\" src=\"https:\/\/www.giurgiuveanul.ro\/stiri\/wp-content\/uploads\/2021\/02\/cz2-560x373.jpg\" alt=\"\" width=\"560\" height=\"373\" srcset=\"https:\/\/www.giurgiuveanul.ro\/stiri\/wp-content\/uploads\/2021\/02\/cz2-560x373.jpg 560w, https:\/\/www.giurgiuveanul.ro\/stiri\/wp-content\/uploads\/2021\/02\/cz2-250x167.jpg 250w, https:\/\/www.giurgiuveanul.ro\/stiri\/wp-content\/uploads\/2021\/02\/cz2-768x512.jpg 768w, https:\/\/www.giurgiuveanul.ro\/stiri\/wp-content\/uploads\/2021\/02\/cz2-400x267.jpg 400w, https:\/\/www.giurgiuveanul.ro\/stiri\/wp-content\/uploads\/2021\/02\/cz2.jpg 1004w\" sizes=\"auto, (max-width: 560px) 100vw, 560px\" \/><\/a> <a href=\"https:\/\/www.giurgiuveanul.ro\/stiri\/wp-content\/uploads\/2021\/02\/cz3.jpg\"><img loading=\"lazy\" decoding=\"async\" class=\"aligncenter size-large wp-image-77381\" src=\"https:\/\/www.giurgiuveanul.ro\/stiri\/wp-content\/uploads\/2021\/02\/cz3-560x420.jpg\" alt=\"\" width=\"560\" height=\"420\" srcset=\"https:\/\/www.giurgiuveanul.ro\/stiri\/wp-content\/uploads\/2021\/02\/cz3-560x420.jpg 560w, https:\/\/www.giurgiuveanul.ro\/stiri\/wp-content\/uploads\/2021\/02\/cz3-250x188.jpg 250w, https:\/\/www.giurgiuveanul.ro\/stiri\/wp-content\/uploads\/2021\/02\/cz3-768x576.jpg 768w, https:\/\/www.giurgiuveanul.ro\/stiri\/wp-content\/uploads\/2021\/02\/cz3-400x300.jpg 400w, https:\/\/www.giurgiuveanul.ro\/stiri\/wp-content\/uploads\/2021\/02\/cz3.jpg 1080w\" sizes=\"auto, (max-width: 560px) 100vw, 560px\" \/><\/a><br \/>\n\u00cen cadrul acestui centru, \u00een timpul zilei (programul de func\u0163ionare este \u00eentre orele 7.00-16.00), copiii cu v\u00e2rste cuprinse \u00eentre 3 \u015fi 18 ani beneficiaz\u0103 de g\u0103zduire, hran\u0103, asisten\u0163\u0103 medical\u0103, activit\u0103\u0163i educative \u015fi recreative, toate serviciile fiind gratuite.<\/p>\n<p style=\"text-align: justify;\"><a href=\"https:\/\/www.giurgiuveanul.ro\/stiri\/wp-content\/uploads\/2021\/02\/cz7.jpg\"><img loading=\"lazy\" decoding=\"async\" class=\"aligncenter size-large wp-image-77382\" src=\"https:\/\/www.giurgiuveanul.ro\/stiri\/wp-content\/uploads\/2021\/02\/cz7-560x349.jpg\" alt=\"\" width=\"560\" height=\"349\" srcset=\"https:\/\/www.giurgiuveanul.ro\/stiri\/wp-content\/uploads\/2021\/02\/cz7-560x349.jpg 560w, https:\/\/www.giurgiuveanul.ro\/stiri\/wp-content\/uploads\/2021\/02\/cz7-250x156.jpg 250w, https:\/\/www.giurgiuveanul.ro\/stiri\/wp-content\/uploads\/2021\/02\/cz7-768x478.jpg 768w, https:\/\/www.giurgiuveanul.ro\/stiri\/wp-content\/uploads\/2021\/02\/cz7-400x249.jpg 400w, https:\/\/www.giurgiuveanul.ro\/stiri\/wp-content\/uploads\/2021\/02\/cz7.jpg 1061w\" sizes=\"auto, (max-width: 560px) 100vw, 560px\" \/><\/a> <a href=\"https:\/\/www.giurgiuveanul.ro\/stiri\/wp-content\/uploads\/2021\/02\/cz8.jpg\"><img loading=\"lazy\" decoding=\"async\" class=\"aligncenter size-large wp-image-77383\" src=\"https:\/\/www.giurgiuveanul.ro\/stiri\/wp-content\/uploads\/2021\/02\/cz8-560x420.jpg\" alt=\"\" width=\"560\" height=\"420\" srcset=\"https:\/\/www.giurgiuveanul.ro\/stiri\/wp-content\/uploads\/2021\/02\/cz8-560x420.jpg 560w, https:\/\/www.giurgiuveanul.ro\/stiri\/wp-content\/uploads\/2021\/02\/cz8-250x188.jpg 250w, https:\/\/www.giurgiuveanul.ro\/stiri\/wp-content\/uploads\/2021\/02\/cz8-768x576.jpg 768w, https:\/\/www.giurgiuveanul.ro\/stiri\/wp-content\/uploads\/2021\/02\/cz8-400x300.jpg 400w, https:\/\/www.giurgiuveanul.ro\/stiri\/wp-content\/uploads\/2021\/02\/cz8.jpg 1080w\" sizes=\"auto, (max-width: 560px) 100vw, 560px\" \/><\/a><br \/>\n<em>\u201cCapacitatea centrului de zi Luceaf\u0103rul este de 30 locuri \u0219i p\u00e2n\u0103 la aceast\u0103 dat\u0103 au fost \u00eenscri\u0219i 20 copii. Dac\u0103 doresc s\u0103-\u0219i \u00eenscrie copiii la centrul de zi, p\u0103rin\u021bilor le sunt oferite la sediul centrului toate informa\u0163iile privind documentele necesare. Serviciile oferite \u00een cadrul centrului de zi vin \u00een \u00eent\u00e2mpinarea nevoilor familiilor aflate \u00een situa\u021bii de risc social; \u00een cadrul centrului, \u00een timpul zilei, copiii beneficiaz\u0103 gratuit de hran\u0103, asisten\u021b\u0103 medical\u0103, merg la cursuri pre\u0219colare sau \u0219colare, particip\u0103 la activit\u0103\u0163i educative \u015fi socializeaz\u0103 cu copii de aceea\u015fi v\u00e2rst\u0103\u201d,<\/em> a declarat C\u0103t\u0103lin Lupu, director general al D.G.A.S.P.C. Giurgiu.<\/p>\n","protected":false},"excerpt":{"rendered":"<p>Centrul de zi \u201cLuceaf\u0103rul\u201d, aflat \u00een<\/p>\n","protected":false},"author":1,"featured_media":0,"comment_status":"open","ping_status":"open","sticky":false,"template":"","format":"standard","meta":{"footnotes":""},"categories":[8],"tags":[],"class_list":["post-77378","post","type-post","status-publish","format-standard","hentry","category-alert-news"],"_links":{"self":[{"href":"https:\/\/www.giurgiuveanul.ro\/stiri\/wp-json\/wp\/v2\/posts\/77378","targetHints":{"allow":["GET"]}}],"collection":[{"href":"https:\/\/www.giurgiuveanul.ro\/stiri\/wp-json\/wp\/v2\/posts"}],"about":[{"href":"https:\/\/www.giurgiuveanul.ro\/stiri\/wp-json\/wp\/v2\/types\/post"}],"author":[{"embeddable":true,"href":"https:\/\/www.giurgiuveanul.ro\/stiri\/wp-json\/wp\/v2\/users\/1"}],"replies":[{"embeddable":true,"href":"https:\/\/www.giurgiuveanul.ro\/stiri\/wp-json\/wp\/v2\/comments?post=77378"}],"version-history":[{"count":0,"href":"https:\/\/www.giurgiuveanul.ro\/stiri\/wp-json\/wp\/v2\/posts\/77378\/revisions"}],"wp:attachment":[{"href":"https:\/\/www.giurgiuveanul.ro\/stiri\/wp-json\/wp\/v2\/media?parent=77378"}],"wp:term":[{"taxonomy":"category","embeddable":true,"href":"https:\/\/www.giurgiuveanul.ro\/stiri\/wp-json\/wp\/v2\/categories?post=77378"},{"taxonomy":"post_tag","embeddable":true,"href":"https:\/\/www.giurgiuveanul.ro\/stiri\/wp-json\/wp\/v2\/tags?post=77378"}],"curies":[{"name":"wp","href":"https:\/\/api.w.org\/{rel}","templated":true}]}}