{"id":77530,"date":"2021-02-13T16:48:48","date_gmt":"2021-02-13T14:48:48","guid":{"rendered":"https:\/\/www.giurgiuveanul.ro\/stiri\/?p=77530"},"modified":"2021-02-13T17:41:09","modified_gmt":"2021-02-13T15:41:09","slug":"astazi-ajunge-in-tara-o-noua-transa-de-vaccinuri-pfizer-biontech-ajunge-in-tara-cum-vor-fi-distribuite","status":"publish","type":"post","link":"https:\/\/www.giurgiuveanul.ro\/stiri\/astazi-ajunge-in-tara-o-noua-transa-de-vaccinuri-pfizer-biontech-ajunge-in-tara-cum-vor-fi-distribuite\/","title":{"rendered":"Ast\u0103zi ajunge \u00een \u0163ar\u0103 o nou\u0103 tran\u0219\u0103 de vaccinuri Pfizer BioNTech. Cum vor fi distribuite"},"content":{"rendered":"<p style=\"text-align: justify;\"><a href=\"https:\/\/www.giurgiuveanul.ro\/stiri\/wp-content\/uploads\/2021\/02\/00000-vaccin-9.jpg\"><img loading=\"lazy\" decoding=\"async\" class=\"aligncenter wp-image-77531\" src=\"https:\/\/www.giurgiuveanul.ro\/stiri\/wp-content\/uploads\/2021\/02\/00000-vaccin-9-560x373.jpg\" alt=\"\" width=\"580\" height=\"386\" srcset=\"https:\/\/www.giurgiuveanul.ro\/stiri\/wp-content\/uploads\/2021\/02\/00000-vaccin-9-560x373.jpg 560w, https:\/\/www.giurgiuveanul.ro\/stiri\/wp-content\/uploads\/2021\/02\/00000-vaccin-9-250x167.jpg 250w, https:\/\/www.giurgiuveanul.ro\/stiri\/wp-content\/uploads\/2021\/02\/00000-vaccin-9-768x512.jpg 768w, https:\/\/www.giurgiuveanul.ro\/stiri\/wp-content\/uploads\/2021\/02\/00000-vaccin-9-400x267.jpg 400w, https:\/\/www.giurgiuveanul.ro\/stiri\/wp-content\/uploads\/2021\/02\/00000-vaccin-9.jpg 924w\" sizes=\"auto, (max-width: 580px) 100vw, 580px\" \/><\/a><strong>Ast\u0103zi, 13 februarie, va sosi \u00een Rom\u00e2nia<!--more--> cea de a noua tran\u0219\u0103 de vaccin de la Pfizer BioNTech care const\u0103 \u00een 196.560 doze, pe cale aerian\u0103, pe aeroporturile din Otopeni, Cluj-Napoca \u0219i Timi\u0219oara, anun\u021b\u0103 printr-un comunicat Comitetul Na\u021bional de Coordonare a Activit\u0103\u021bilor privind Vaccinarea \u00eempotriva COVID-19. <\/strong><\/p>\n<p style=\"text-align: justify;\">Transportul c\u0103tre centrele de stocare este asigurat de firma produc\u0103toare, inclusiv pe cale terestr\u0103. Vaccinurile sunt transportate \u00een condi\u021bii optime de siguran\u021b\u0103, \u00een containere speciale, cu ghea\u021b\u0103 carbonic\u0103 \u0219i folie etan\u0219\u0103.<\/p>\n<p style=\"text-align: justify;\">Ele vor fi distribuite astfel:<\/p>\n<p style=\"text-align: justify;\">\u2013 Centrul Na\u021bional de Stocare Bucure\u0219ti: 60.840 doze;<\/p>\n<p style=\"text-align: justify;\">\u2013 Centrul Regional de Depozitare Bra\u0219ov: 24.570 doze;<\/p>\n<p style=\"text-align: justify;\">\u2013 Centrul Regional de Depozitare Cluj: 23.400 doze;<\/p>\n<p style=\"text-align: justify;\">\u2013 Centrul Regional de Depozitare Constan\u021ba: 21.060 doze;<\/p>\n<p style=\"text-align: justify;\">\u2013 Centrul Regional de Depozitare Craiova: 21.060 doze;<\/p>\n<p style=\"text-align: justify;\">\u2013 Centrul Regional de Depozitare Ia\u0219i: 24.570 doze;<\/p>\n<p style=\"text-align: justify;\">\u2013 Centrul Regional de Depozitare Timi\u0219oara: 21.060 doze.<\/p>\n<p style=\"text-align: justify;\">O parte dintre doze vor ajunge pe aeroportul din Otopeni, iar pentru cele din Cluj-Napoca \u0219i Timi\u0219oara, \u00eenc\u0103 se a\u0219teapt\u0103 confirm\u0103ri.<\/p>\n<p style=\"text-align: justify;\"><strong>C\u00e2nd ajunge urm\u0103toarea tran\u0219\u0103<\/strong><\/p>\n<p style=\"text-align: justify;\">\u00cen centrele de vaccinare se vor utiliza at\u00e2t doze recep\u021bionate de Rom\u00e2nia \u00een tran\u0219a curent\u0103, c\u00e2t \u0219i \u00een tran\u0219ele anterioare, pe baza solicit\u0103rilor transmise la Centrul Na\u021bional \u0219i centrele regionale de depozitare, prin direc\u021biile de s\u0103n\u0103tate public\u0103 jude\u021bene \u0219i cea a municipiului Bucure\u0219ti.<\/p>\n<p style=\"text-align: justify;\">Conform calendarului de livrare, urm\u0103toarea tran\u0219\u0103 de vaccin ar urma sa fie adus\u0103 \u00een Rom\u00e2nia luni, 22 februarie, iar la acest moment se a\u0219teapt\u0103 confirmarea oficial\u0103 \u00een acest sens din partea firmei produc\u0103toare.<\/p>\n<p style=\"text-align: justify;\">\u00cen Rom\u00e2nia, alocarea dozelor de vaccin se realizeaz\u0103 conform calendarului de livrare pus la dispozi\u021bie de firma produc\u0103toare, sens \u00een care, s\u0103pt\u0103m\u00e2nal, \u021bara noastr\u0103 prime\u0219te tran\u0219ele de vaccin necesare imuniz\u0103rii popula\u021biei. Pe m\u0103sur\u0103 ce noile tran\u0219e ajung \u00een Rom\u00e2nia, aplica\u021bia de programare se actualizeaz\u0103 \u0219i permite continuarea procesului de programare pentru categoriile popula\u021bionale aflate \u00een etapa curent\u0103.<\/p>\n<p style=\"text-align: justify;\">Comitetul Na\u021bional de Coordonare a Activit\u0103\u021bilor privind Vaccinarea \u00eempotriva COVID-19 este un organism interministerial, f\u0103r\u0103 personalitate juridic\u0103, \u00een subordinea direct\u0103 a Secretariatului General al Guvernului \u0219i coordonarea prim-ministrului<\/p>\n","protected":false},"excerpt":{"rendered":"<p>Ast\u0103zi, 13 februarie, va sosi \u00een Rom\u00e2nia<\/p>\n","protected":false},"author":1,"featured_media":0,"comment_status":"open","ping_status":"open","sticky":false,"template":"","format":"standard","meta":{"footnotes":""},"categories":[8],"tags":[],"class_list":["post-77530","post","type-post","status-publish","format-standard","hentry","category-alert-news"],"_links":{"self":[{"href":"https:\/\/www.giurgiuveanul.ro\/stiri\/wp-json\/wp\/v2\/posts\/77530","targetHints":{"allow":["GET"]}}],"collection":[{"href":"https:\/\/www.giurgiuveanul.ro\/stiri\/wp-json\/wp\/v2\/posts"}],"about":[{"href":"https:\/\/www.giurgiuveanul.ro\/stiri\/wp-json\/wp\/v2\/types\/post"}],"author":[{"embeddable":true,"href":"https:\/\/www.giurgiuveanul.ro\/stiri\/wp-json\/wp\/v2\/users\/1"}],"replies":[{"embeddable":true,"href":"https:\/\/www.giurgiuveanul.ro\/stiri\/wp-json\/wp\/v2\/comments?post=77530"}],"version-history":[{"count":0,"href":"https:\/\/www.giurgiuveanul.ro\/stiri\/wp-json\/wp\/v2\/posts\/77530\/revisions"}],"wp:attachment":[{"href":"https:\/\/www.giurgiuveanul.ro\/stiri\/wp-json\/wp\/v2\/media?parent=77530"}],"wp:term":[{"taxonomy":"category","embeddable":true,"href":"https:\/\/www.giurgiuveanul.ro\/stiri\/wp-json\/wp\/v2\/categories?post=77530"},{"taxonomy":"post_tag","embeddable":true,"href":"https:\/\/www.giurgiuveanul.ro\/stiri\/wp-json\/wp\/v2\/tags?post=77530"}],"curies":[{"name":"wp","href":"https:\/\/api.w.org\/{rel}","templated":true}]}}