{"id":77595,"date":"2021-02-17T19:05:16","date_gmt":"2021-02-17T17:05:16","guid":{"rendered":"https:\/\/www.giurgiuveanul.ro\/stiri\/?p=77595"},"modified":"2021-02-17T19:05:50","modified_gmt":"2021-02-17T17:05:50","slug":"se-va-deschide-primul-magazin-de-proximitate-myauchan-in-giurgiu","status":"publish","type":"post","link":"https:\/\/www.giurgiuveanul.ro\/stiri\/se-va-deschide-primul-magazin-de-proximitate-myauchan-in-giurgiu\/","title":{"rendered":"Se va deschide primul magazin de proximitate MyAuchan \u00een Giurgiu!"},"content":{"rendered":"<p style=\"text-align: justify;\"><strong><a href=\"https:\/\/www.giurgiuveanul.ro\/stiri\/wp-content\/uploads\/2021\/02\/IMG_9964.jpg\"><img loading=\"lazy\" decoding=\"async\" class=\"aligncenter size-large wp-image-77596\" src=\"https:\/\/www.giurgiuveanul.ro\/stiri\/wp-content\/uploads\/2021\/02\/IMG_9964-560x333.jpg\" alt=\"\" width=\"560\" height=\"333\" srcset=\"https:\/\/www.giurgiuveanul.ro\/stiri\/wp-content\/uploads\/2021\/02\/IMG_9964-560x333.jpg 560w, https:\/\/www.giurgiuveanul.ro\/stiri\/wp-content\/uploads\/2021\/02\/IMG_9964-250x149.jpg 250w, https:\/\/www.giurgiuveanul.ro\/stiri\/wp-content\/uploads\/2021\/02\/IMG_9964-768x457.jpg 768w, https:\/\/www.giurgiuveanul.ro\/stiri\/wp-content\/uploads\/2021\/02\/IMG_9964-400x238.jpg 400w, https:\/\/www.giurgiuveanul.ro\/stiri\/wp-content\/uploads\/2021\/02\/IMG_9964.jpg 800w\" sizes=\"auto, (max-width: 560px) 100vw, 560px\" \/><\/a>\u00cen<!--more--> cadrul parteneriatului cu OMV Petrom, Auchan Rom\u00e2nia aduce formatul de proximitate MyAuchan aproape de locuitorii municipiului Giurgiu, oferindu-le o experien\u021b\u0103 unic\u0103 la cump\u0103r\u0103turi, in stil Auchan.<\/strong><\/p>\n<p style=\"text-align: justify;\">MyAuchan Giurgiu, aflat \u00een sta\u0163ia Petrom de pe \u015foseaua Bucure\u015fti, completeaz\u0103 re\u021beaua de magazine Auchan precum \u0219i a celorlalte concepte comerciale specializate: INEXTENSO, drogherii \u0219i LillaPois.<\/p>\n<p style=\"text-align: justify;\">Prin diversificarea formatelor sale, Auchan are ca obiectiv crearea unei experien\u021be deosebite la cump\u0103r\u0103turi prin acoperirea unei mari variet\u0103\u021bi de nevoi \u0219i prin adaptarea permanent\u0103 la cerin\u021bele consumatorilor.<\/p>\n<p style=\"text-align: justify;\">V\u0103 vom anun\u0163a c\u00e2nd va fi deschiderea oficial\u0103 a magazinului.<\/p>\n<p><a href=\"https:\/\/www.giurgiuveanul.ro\/stiri\/wp-content\/uploads\/2021\/02\/IMG_0113.jpg\"><img loading=\"lazy\" decoding=\"async\" class=\"aligncenter size-large wp-image-77597\" src=\"https:\/\/www.giurgiuveanul.ro\/stiri\/wp-content\/uploads\/2021\/02\/IMG_0113-560x347.jpg\" alt=\"\" width=\"560\" height=\"347\" srcset=\"https:\/\/www.giurgiuveanul.ro\/stiri\/wp-content\/uploads\/2021\/02\/IMG_0113-560x347.jpg 560w, https:\/\/www.giurgiuveanul.ro\/stiri\/wp-content\/uploads\/2021\/02\/IMG_0113-250x155.jpg 250w, https:\/\/www.giurgiuveanul.ro\/stiri\/wp-content\/uploads\/2021\/02\/IMG_0113-768x475.jpg 768w, https:\/\/www.giurgiuveanul.ro\/stiri\/wp-content\/uploads\/2021\/02\/IMG_0113-400x248.jpg 400w, https:\/\/www.giurgiuveanul.ro\/stiri\/wp-content\/uploads\/2021\/02\/IMG_0113.jpg 800w\" sizes=\"auto, (max-width: 560px) 100vw, 560px\" \/><\/a><\/p>\n","protected":false},"excerpt":{"rendered":"<p>\u00cen<\/p>\n","protected":false},"author":1,"featured_media":0,"comment_status":"open","ping_status":"open","sticky":false,"template":"","format":"standard","meta":{"footnotes":""},"categories":[8],"tags":[],"class_list":["post-77595","post","type-post","status-publish","format-standard","hentry","category-alert-news"],"_links":{"self":[{"href":"https:\/\/www.giurgiuveanul.ro\/stiri\/wp-json\/wp\/v2\/posts\/77595","targetHints":{"allow":["GET"]}}],"collection":[{"href":"https:\/\/www.giurgiuveanul.ro\/stiri\/wp-json\/wp\/v2\/posts"}],"about":[{"href":"https:\/\/www.giurgiuveanul.ro\/stiri\/wp-json\/wp\/v2\/types\/post"}],"author":[{"embeddable":true,"href":"https:\/\/www.giurgiuveanul.ro\/stiri\/wp-json\/wp\/v2\/users\/1"}],"replies":[{"embeddable":true,"href":"https:\/\/www.giurgiuveanul.ro\/stiri\/wp-json\/wp\/v2\/comments?post=77595"}],"version-history":[{"count":0,"href":"https:\/\/www.giurgiuveanul.ro\/stiri\/wp-json\/wp\/v2\/posts\/77595\/revisions"}],"wp:attachment":[{"href":"https:\/\/www.giurgiuveanul.ro\/stiri\/wp-json\/wp\/v2\/media?parent=77595"}],"wp:term":[{"taxonomy":"category","embeddable":true,"href":"https:\/\/www.giurgiuveanul.ro\/stiri\/wp-json\/wp\/v2\/categories?post=77595"},{"taxonomy":"post_tag","embeddable":true,"href":"https:\/\/www.giurgiuveanul.ro\/stiri\/wp-json\/wp\/v2\/tags?post=77595"}],"curies":[{"name":"wp","href":"https:\/\/api.w.org\/{rel}","templated":true}]}}