{"id":77613,"date":"2021-02-18T19:53:22","date_gmt":"2021-02-18T17:53:22","guid":{"rendered":"https:\/\/www.giurgiuveanul.ro\/stiri\/?p=77613"},"modified":"2021-02-18T19:53:22","modified_gmt":"2021-02-18T17:53:22","slug":"la-multi-ani-domnule-primar-gheorghe-breazu","status":"publish","type":"post","link":"https:\/\/www.giurgiuveanul.ro\/stiri\/la-multi-ani-domnule-primar-gheorghe-breazu\/","title":{"rendered":"La Mul\u0163i Ani, domnule primar Gheorghe Breazu!"},"content":{"rendered":"<p><a href=\"https:\/\/www.giurgiuveanul.ro\/stiri\/wp-content\/uploads\/2021\/02\/primar-Gheorghe-Breazu-5.jpg\"><img loading=\"lazy\" decoding=\"async\" class=\"aligncenter size-large wp-image-77614\" src=\"https:\/\/www.giurgiuveanul.ro\/stiri\/wp-content\/uploads\/2021\/02\/primar-Gheorghe-Breazu-5-560x373.jpg\" alt=\"\" width=\"560\" height=\"373\" srcset=\"https:\/\/www.giurgiuveanul.ro\/stiri\/wp-content\/uploads\/2021\/02\/primar-Gheorghe-Breazu-5-560x373.jpg 560w, https:\/\/www.giurgiuveanul.ro\/stiri\/wp-content\/uploads\/2021\/02\/primar-Gheorghe-Breazu-5-250x166.jpg 250w, https:\/\/www.giurgiuveanul.ro\/stiri\/wp-content\/uploads\/2021\/02\/primar-Gheorghe-Breazu-5-768x511.jpg 768w, https:\/\/www.giurgiuveanul.ro\/stiri\/wp-content\/uploads\/2021\/02\/primar-Gheorghe-Breazu-5-400x266.jpg 400w, https:\/\/www.giurgiuveanul.ro\/stiri\/wp-content\/uploads\/2021\/02\/primar-Gheorghe-Breazu-5.jpg 960w\" sizes=\"auto, (max-width: 560px) 100vw, 560px\" \/><\/a>Ast\u0103zi, primarul<!--more--> comunei Putineiu, Gheorghe Breazu, \u00eempline\u015fte 51 de ani.<\/p>\n<p>Cu aceast\u0103 ocazie, redac\u0163ia \u201eGiurgiuveanul\u201d\u00a0 \u00eei adreseaz\u0103 cele mai sincere felicit\u0103ri \u015fi ur\u0103ri de bine, s\u0103n\u0103tate, r\u0103bdare \u015fi curaj, putere de munc\u0103 \u015fi reu\u015fit\u0103 deplin\u0103 \u00een toate proiectele pe care le are \u00een plan pentru locuitorii comunei Putineiu.<\/p>\n<p><em>La Mul\u0163i Ani ferici\u0163i \u015fi \u00eemplini\u0163i, domnule primar Gheorghe Breazu!<\/em><\/p>\n","protected":false},"excerpt":{"rendered":"<p>Ast\u0103zi, primarul<\/p>\n","protected":false},"author":1,"featured_media":0,"comment_status":"open","ping_status":"open","sticky":false,"template":"","format":"standard","meta":{"footnotes":""},"categories":[16],"tags":[],"class_list":["post-77613","post","type-post","status-publish","format-standard","hentry","category-astazi-e-ziua-ta"],"_links":{"self":[{"href":"https:\/\/www.giurgiuveanul.ro\/stiri\/wp-json\/wp\/v2\/posts\/77613","targetHints":{"allow":["GET"]}}],"collection":[{"href":"https:\/\/www.giurgiuveanul.ro\/stiri\/wp-json\/wp\/v2\/posts"}],"about":[{"href":"https:\/\/www.giurgiuveanul.ro\/stiri\/wp-json\/wp\/v2\/types\/post"}],"author":[{"embeddable":true,"href":"https:\/\/www.giurgiuveanul.ro\/stiri\/wp-json\/wp\/v2\/users\/1"}],"replies":[{"embeddable":true,"href":"https:\/\/www.giurgiuveanul.ro\/stiri\/wp-json\/wp\/v2\/comments?post=77613"}],"version-history":[{"count":0,"href":"https:\/\/www.giurgiuveanul.ro\/stiri\/wp-json\/wp\/v2\/posts\/77613\/revisions"}],"wp:attachment":[{"href":"https:\/\/www.giurgiuveanul.ro\/stiri\/wp-json\/wp\/v2\/media?parent=77613"}],"wp:term":[{"taxonomy":"category","embeddable":true,"href":"https:\/\/www.giurgiuveanul.ro\/stiri\/wp-json\/wp\/v2\/categories?post=77613"},{"taxonomy":"post_tag","embeddable":true,"href":"https:\/\/www.giurgiuveanul.ro\/stiri\/wp-json\/wp\/v2\/tags?post=77613"}],"curies":[{"name":"wp","href":"https:\/\/api.w.org\/{rel}","templated":true}]}}