{"id":77628,"date":"2021-02-19T09:17:36","date_gmt":"2021-02-19T07:17:36","guid":{"rendered":"https:\/\/www.giurgiuveanul.ro\/stiri\/?p=77628"},"modified":"2021-02-19T09:17:36","modified_gmt":"2021-02-19T07:17:36","slug":"tribunalul-giurgiu-comunicat-de-presa","status":"publish","type":"post","link":"https:\/\/www.giurgiuveanul.ro\/stiri\/tribunalul-giurgiu-comunicat-de-presa\/","title":{"rendered":"Tribunalul Giurgiu, comunicat de pres\u0103"},"content":{"rendered":"<p style=\"text-align: justify;\"><a href=\"https:\/\/www.giurgiuveanul.ro\/stiri\/wp-content\/uploads\/2021\/02\/00000-Tribunalul-Giurgiu-1-560x382-1.jpg\"><img loading=\"lazy\" decoding=\"async\" class=\"aligncenter size-large wp-image-77629\" src=\"https:\/\/www.giurgiuveanul.ro\/stiri\/wp-content\/uploads\/2021\/02\/00000-Tribunalul-Giurgiu-1-560x382-1-560x382.jpg\" alt=\"\" width=\"560\" height=\"382\" srcset=\"https:\/\/www.giurgiuveanul.ro\/stiri\/wp-content\/uploads\/2021\/02\/00000-Tribunalul-Giurgiu-1-560x382-1-560x382.jpg 560w, https:\/\/www.giurgiuveanul.ro\/stiri\/wp-content\/uploads\/2021\/02\/00000-Tribunalul-Giurgiu-1-560x382-1-250x171.jpg 250w, https:\/\/www.giurgiuveanul.ro\/stiri\/wp-content\/uploads\/2021\/02\/00000-Tribunalul-Giurgiu-1-560x382-1-768x524.jpg 768w, https:\/\/www.giurgiuveanul.ro\/stiri\/wp-content\/uploads\/2021\/02\/00000-Tribunalul-Giurgiu-1-560x382-1-400x273.jpg 400w, https:\/\/www.giurgiuveanul.ro\/stiri\/wp-content\/uploads\/2021\/02\/00000-Tribunalul-Giurgiu-1-560x382-1.jpg 800w\" sizes=\"auto, (max-width: 560px) 100vw, 560px\" \/><\/a>Av\u00e2nd in vedere afirma\u021biile mediatizate \u00een spa\u021biul public, conform c\u0103rora <em>\u201e\u00een justi\u021bie<!--more--> nivelul sporurilor reprezint\u0103 85% din drepturile salariale&#8221;<\/em> \u00eencasate, pentru corecta informare a cet\u0103\u021benilor, conducerea Tribunalului Giurgiu face urm\u0103toarele preciz\u0103ri:<\/p>\n<p style=\"text-align: justify;\">Conform art. 25 din Legea-cadru nr.153 din 28 iunie 2017 privind salarizarea personalului pl\u0103tit din fonduri publice <em>\u201eSuma sporurilor, compensa\u021biilor, adaosurilor, primelor, premiilor \u0219i indemniza\u021biilor, inclusiv cele pentru hran\u0103 \u0219i vacan\u021b\u0103, acordate cumulat pe total buget pentru fiecare ordonator de credite nu poate dep\u0103\u0219i 30% din suma salariilor de baz\u0103, (\u2026) \u00a0a indemniza\u021biilor de \u00eencadrare \u0219i a indemniza\u021biilor lunare, dup\u0103 caz&#8221;.<\/em><\/p>\n<p style=\"text-align: justify;\">Tribunalul Giurgiu, \u00een calitate de ordonator ter\u021biar de credite, pentru personalul propriu si cel al judec\u0103toriilor din raza teritorial\u0103, respect\u0103 \u00eentru totul aceast\u0103 prevedere legal\u0103, suma sporurilor nedep\u0103\u0219ind, nici pe total buget alocat drepturilor salariale, nici pe fiecare salariat \u00een parte, procentul de 30% din suma drepturilor salariale de baz\u0103. De asemenea, sporurile acordate sunt strict cele prev\u0103zute de legisla\u021bia \u00een vigoare.<\/p>\n<p style=\"text-align: center;\">PRE\u0218EDINTELE TRIBUNALULUI GIURGIU,<\/p>\n<p style=\"text-align: center;\">\u00a0\u00a0\u00a0\u00a0\u00a0\u00a0 <strong>JUDEC\u0102TOR ADRIANA PENCEA<\/strong><\/p>\n","protected":false},"excerpt":{"rendered":"<p>Av\u00e2nd in vedere afirma\u021biile mediatizate \u00een spa\u021biul public, conform c\u0103rora \u201e\u00een justi\u021bie<\/p>\n","protected":false},"author":1,"featured_media":0,"comment_status":"open","ping_status":"open","sticky":false,"template":"","format":"standard","meta":{"footnotes":""},"categories":[8],"tags":[],"class_list":["post-77628","post","type-post","status-publish","format-standard","hentry","category-alert-news"],"_links":{"self":[{"href":"https:\/\/www.giurgiuveanul.ro\/stiri\/wp-json\/wp\/v2\/posts\/77628","targetHints":{"allow":["GET"]}}],"collection":[{"href":"https:\/\/www.giurgiuveanul.ro\/stiri\/wp-json\/wp\/v2\/posts"}],"about":[{"href":"https:\/\/www.giurgiuveanul.ro\/stiri\/wp-json\/wp\/v2\/types\/post"}],"author":[{"embeddable":true,"href":"https:\/\/www.giurgiuveanul.ro\/stiri\/wp-json\/wp\/v2\/users\/1"}],"replies":[{"embeddable":true,"href":"https:\/\/www.giurgiuveanul.ro\/stiri\/wp-json\/wp\/v2\/comments?post=77628"}],"version-history":[{"count":0,"href":"https:\/\/www.giurgiuveanul.ro\/stiri\/wp-json\/wp\/v2\/posts\/77628\/revisions"}],"wp:attachment":[{"href":"https:\/\/www.giurgiuveanul.ro\/stiri\/wp-json\/wp\/v2\/media?parent=77628"}],"wp:term":[{"taxonomy":"category","embeddable":true,"href":"https:\/\/www.giurgiuveanul.ro\/stiri\/wp-json\/wp\/v2\/categories?post=77628"},{"taxonomy":"post_tag","embeddable":true,"href":"https:\/\/www.giurgiuveanul.ro\/stiri\/wp-json\/wp\/v2\/tags?post=77628"}],"curies":[{"name":"wp","href":"https:\/\/api.w.org\/{rel}","templated":true}]}}