{"id":77638,"date":"2021-02-19T09:37:47","date_gmt":"2021-02-19T07:37:47","guid":{"rendered":"https:\/\/www.giurgiuveanul.ro\/stiri\/?p=77638"},"modified":"2021-02-19T09:37:47","modified_gmt":"2021-02-19T07:37:47","slug":"tinerii-isi-prezinta-ideile-de-business-in-fata-antreprenorilor-de-top-din-romania","status":"publish","type":"post","link":"https:\/\/www.giurgiuveanul.ro\/stiri\/tinerii-isi-prezinta-ideile-de-business-in-fata-antreprenorilor-de-top-din-romania\/","title":{"rendered":"Tinerii \u00ee\u0219i prezint\u0103 ideile de business \u00een fa\u021ba antreprenorilor de top din Rom\u00e2nia"},"content":{"rendered":"<p style=\"text-align: justify;\"><strong><a href=\"https:\/\/www.giurgiuveanul.ro\/stiri\/wp-content\/uploads\/2021\/02\/Vizual-inscriere-idei-de-business.png\"><img loading=\"lazy\" decoding=\"async\" class=\"aligncenter size-large wp-image-77639\" src=\"https:\/\/www.giurgiuveanul.ro\/stiri\/wp-content\/uploads\/2021\/02\/Vizual-inscriere-idei-de-business-560x315.png\" alt=\"\" width=\"560\" height=\"315\" srcset=\"https:\/\/www.giurgiuveanul.ro\/stiri\/wp-content\/uploads\/2021\/02\/Vizual-inscriere-idei-de-business-560x315.png 560w, https:\/\/www.giurgiuveanul.ro\/stiri\/wp-content\/uploads\/2021\/02\/Vizual-inscriere-idei-de-business-250x141.png 250w, https:\/\/www.giurgiuveanul.ro\/stiri\/wp-content\/uploads\/2021\/02\/Vizual-inscriere-idei-de-business-768x432.png 768w, https:\/\/www.giurgiuveanul.ro\/stiri\/wp-content\/uploads\/2021\/02\/Vizual-inscriere-idei-de-business-400x225.png 400w, https:\/\/www.giurgiuveanul.ro\/stiri\/wp-content\/uploads\/2021\/02\/Vizual-inscriere-idei-de-business.png 1200w\" sizes=\"auto, (max-width: 560px) 100vw, 560px\" \/><\/a>Ai \u00eentre 16 \u0219i 24 de ani?<\/strong> Ai<!--more--> o idee de afacere \u00een care crezi \u0219i pe care consideri c\u0103 o po\u021bi transforma \u00eentr-un business de succes? NU mai sta pe g\u00e2nduri! P\u00e2n\u0103 pe 23 februarie <a href=\"https:\/\/forms.gle\/R5kBSkkWp8iCgGxN6\">completeaz\u0103 formularul<\/a>, depune-l \u0219i intr\u0103 \u00een programul de la Tinerii \u00een Aren\u0103. 7 oameni de afaceri sunt preg\u0103ti\u021bi s\u0103-\u021bi asculte ideea \u0219i s\u0103 \u00ee\u021bi ofere feedback iar dac\u0103 reu\u0219e\u0219ti s\u0103-i convingi ai \u0219ansa s\u0103 prime\u0219ti mentorat \u0219i sprijin \u00een dezvoltarea propriului business.<\/p>\n<p style=\"text-align: justify;\">Doi din trei tineri, la nivel na\u021bional, au apetit pentru antreprenoriat &#8211; arat\u0103 studiul <a href=\"https:\/\/vsfa.ro\/studiu\/\">Insights PulseZ<\/a>, iar -unul din patru este deschis s\u0103 \u00ee\u0219i porneasc\u0103 propria afacere dac\u0103 g\u0103se\u0219te resursele necesare. Inten\u021bia pentru antreprenoriat este mare la nivel de Rom\u00e2nia \u00eens\u0103 un procent aproape nesemnficativ (1% dintre tinerii \u00eentre 15-34%) chiar \u00eencep o afacere, conform INS.<\/p>\n<p style=\"text-align: justify;\">Pentru acei tineri motiva\u021bi s\u0103 \u00ee\u0219i \u00eenceap\u0103 propria afacere \u0219i au o idee de business pe care vor s\u0103 o pun\u0103 \u00een aplicare s-a deschis etapa de preselec\u021bie \u00een cadrul evenimentului Tinerii \u00een Aren\u0103, cel mai mare eveniment de business pentru Genera\u021bia Z din Rom\u00e2nia.<\/p>\n<p style=\"text-align: justify;\">Evenimentul anterior, din noiembrie 2020, a avut peste 1800 de participan\u021bi \u00eenregistra\u021bi \u0219i o audien\u021b\u0103 online de peste 20.000 care au urm\u0103rit cu aten\u021bie sfaturile unor antreprenori de succes precum Drago\u0219 Petrescu, Drago\u0219 Anastasiu, Daniela Mari\u0219cu, Cristian One\u021biu, Cristina B\u00e2tlan \u0219i Radu Constantin.<\/p>\n<p style=\"text-align: justify;\">\u00cen edi\u021bia aceasta organizatorii \u0219i-au propus s\u0103 selecteze 15 tineri pe care s\u0103 \u00eei treac\u0103 printr-un program de mentorat de aproximativ dou\u0103 luni, \u00eenainte de a-i selecta pe cei \u0219apte care \u00ee\u0219i vor prezenta ideile de business \u00een fa\u021ba a \u0219apte dintre cei mai cunoscu\u021bi \u0219i de succes antreprenori rom\u00e2ni.<\/p>\n<p style=\"text-align: justify;\">\u201cNe propunem s\u0103 \u00eei identific\u0103m \u0219i sprijinim pe acei tineri \u00eentre 16 \u0219i 24 de ani care sunt determina\u021bi \u0219i au o idee de business \u00een care cred. Genera\u021bia Z are nevoie de modele, de tineri asemenea lor, care s\u0103 le arate c\u0103 se poate. Dorin\u021ba antreprenorial\u0103 este mare, \u00eens\u0103 avem nevoie s\u0103 trecem \u0219i la ac\u021biune. Prin mentorat \u0219i sprijin putem s\u0103 cre\u0103m ni\u0219te pove\u0219ti inspira\u021bionale care s\u0103 \u00eei motiveze pe cei cu o idee s\u0103 o pun\u0103 \u00een aplicare.\u201d \u2013 a declarat Alin Claudiu Apostu, gazda evenimentului \u0219i organizatorul Vreau s\u0103 fiu Antreprenor &#8211; proiectul sub umbrela c\u0103ruia se desf\u0103\u0219oar\u0103 evenimentul Tinerii \u00een Aren\u0103.<\/p>\n<p style=\"text-align: justify;\">\u00censcrierile pentru ideile de business sunt deschise p\u00e2n\u0103 pe 23 februarie, iar tinerii care \u00ee\u0219i doresc s\u0103 aplice trebuie s\u0103 completeze un document prin care detaliaz\u0103 ideea lor de business \u0219i s\u0103 trimit\u0103 un videoclip \u00een care s\u0103 arate povestea \u0219i motiva\u021bia lor.<\/p>\n<p style=\"text-align: justify;\">\u00centrebat despre sfatul pe care \u00eel are pentru cei interesa\u021bi de antreprenoriat, Drago\u0219 Petrescu &#8211; fondatorul Grupului City Grill \u0219i liderul de proiect al Vreau s\u0103 fiu Antreprenor a declarat: \u201cAve\u021bi idei interesante? Ave\u021bi curaj s\u0103 vi le sustine\u021bi ? Vre\u021bi un mentor cu experien\u021b\u0103? Atunci merit\u0103 s\u0103 v\u0103 lupta\u021bi s\u0103 convinge\u021bi unul dintre Lei c\u0103 merita\u021bi sprijinul lui!\u201d<\/p>\n<p style=\"text-align: justify;\">\n<p style=\"text-align: justify;\">Mai multe informa\u021bii pot fi aflate pe site-ul <a href=\"https:\/\/vsfa.ro\/tinerii-in-arena\/\">https:\/\/vsfa.ro\/tinerii-in-arena\/<\/a> , unde organizatorii au pus la dispozi\u021bie documentele de sprijin pentru procesul de \u00eenscriere al ideii de business. Totodat\u0103, acolo este \u0219i un video \u00een care Cristian One\u021biu, unul dintre antreprenorii participan\u021bi la evenimentul din toamn\u0103 Tinerii \u00een Aren\u0103 \u0219i fondator Life Care, vine cu informa\u021bii utile despre cum s\u0103 completezi documentul de \u00eenscriere.<\/p>\n<p style=\"text-align: justify;\"><strong><u>\u00a0<\/u><\/strong><\/p>\n<p style=\"text-align: justify;\"><u>Despre Vreau s\u0103 fiu Antreprenor<\/u><\/p>\n<p style=\"text-align: justify;\">VSFA este un program na\u021bional al Romanian Business Leaders, prin care ne propunem s\u0103 promov\u0103m g\u00e2ndirea \u0219i ac\u021biunea antreprenorial\u0103 \u00een r\u00e2ndul tinerilor din Rom\u00e2nia. Desf\u0103\u0219ur\u0103m conferin\u021be \u00een \u021bar\u0103 (peste 220 evenimente p\u00e2n\u0103 acum, \u00eencep\u00e2nd din 2013), avem 10 comunit\u0103\u021bi locale de tineri care creeaz\u0103 \u0219i implementeaz\u0103 proiecte locale, iar impactul lor a dep\u0103\u0219it 27.000 de tineri.<\/p>\n<p style=\"text-align: justify;\"><u>Despre Romanian Business Leaders<\/u><\/p>\n<p style=\"text-align: justify;\">Romanian Business Leaders (RBL) este o organiza\u021bie apolitic\u0103, neguvernamental\u0103 \u0219i non-profit care ofer\u0103 o platform\u0103 de ac\u021biune \u0219i implicare social\u0103 pentru antreprenorii \u0219i \u0219efii de companii din mediul de business privat.<\/p>\n<p style=\"text-align: justify;\">RBL face Rom\u00e2nia o \u021bar\u0103 mai bun\u0103 pentru business \u0219i pentru rom\u00e2ni, prin proiecte care \u00eembun\u0103t\u0103\u021besc educa\u021bia, antreprenoriatul \u0219i buna guvernare \u00een Rom\u00e2nia. Proiectele RBL sunt ini\u021biate \u0219i dezvoltate pe baz\u0103 de voluntariat de cei peste 200 de membri, antreprenori \u0219i executivi de top din Rom\u00e2nia.<\/p>\n","protected":false},"excerpt":{"rendered":"<p>Ai \u00eentre 16 \u0219i 24 de ani? Ai<\/p>\n","protected":false},"author":1,"featured_media":0,"comment_status":"open","ping_status":"open","sticky":false,"template":"","format":"standard","meta":{"footnotes":""},"categories":[8],"tags":[],"class_list":["post-77638","post","type-post","status-publish","format-standard","hentry","category-alert-news"],"_links":{"self":[{"href":"https:\/\/www.giurgiuveanul.ro\/stiri\/wp-json\/wp\/v2\/posts\/77638","targetHints":{"allow":["GET"]}}],"collection":[{"href":"https:\/\/www.giurgiuveanul.ro\/stiri\/wp-json\/wp\/v2\/posts"}],"about":[{"href":"https:\/\/www.giurgiuveanul.ro\/stiri\/wp-json\/wp\/v2\/types\/post"}],"author":[{"embeddable":true,"href":"https:\/\/www.giurgiuveanul.ro\/stiri\/wp-json\/wp\/v2\/users\/1"}],"replies":[{"embeddable":true,"href":"https:\/\/www.giurgiuveanul.ro\/stiri\/wp-json\/wp\/v2\/comments?post=77638"}],"version-history":[{"count":0,"href":"https:\/\/www.giurgiuveanul.ro\/stiri\/wp-json\/wp\/v2\/posts\/77638\/revisions"}],"wp:attachment":[{"href":"https:\/\/www.giurgiuveanul.ro\/stiri\/wp-json\/wp\/v2\/media?parent=77638"}],"wp:term":[{"taxonomy":"category","embeddable":true,"href":"https:\/\/www.giurgiuveanul.ro\/stiri\/wp-json\/wp\/v2\/categories?post=77638"},{"taxonomy":"post_tag","embeddable":true,"href":"https:\/\/www.giurgiuveanul.ro\/stiri\/wp-json\/wp\/v2\/tags?post=77638"}],"curies":[{"name":"wp","href":"https:\/\/api.w.org\/{rel}","templated":true}]}}