{"id":77641,"date":"2021-02-19T10:52:09","date_gmt":"2021-02-19T08:52:09","guid":{"rendered":"https:\/\/www.giurgiuveanul.ro\/stiri\/?p=77641"},"modified":"2021-02-19T10:54:36","modified_gmt":"2021-02-19T08:54:36","slug":"vrei-o-cariera-in-politia-romana-inscrie-te-la-concursul-de-admitere","status":"publish","type":"post","link":"https:\/\/www.giurgiuveanul.ro\/stiri\/vrei-o-cariera-in-politia-romana-inscrie-te-la-concursul-de-admitere\/","title":{"rendered":"Vrei o carier\u0103 \u00een Poli\u021bia Rom\u00e2n\u0103? \u00censcrie-te la concursul de admitere!"},"content":{"rendered":"<p style=\"text-align: justify;\"><strong><a href=\"https:\/\/www.giurgiuveanul.ro\/stiri\/wp-content\/uploads\/2021\/02\/139861309_1558179481048745_8218849347277744230_o.jpg\"><img loading=\"lazy\" decoding=\"async\" class=\"aligncenter wp-image-77642\" src=\"https:\/\/www.giurgiuveanul.ro\/stiri\/wp-content\/uploads\/2021\/02\/139861309_1558179481048745_8218849347277744230_o-560x307.jpg\" alt=\"\" width=\"576\" height=\"316\" srcset=\"https:\/\/www.giurgiuveanul.ro\/stiri\/wp-content\/uploads\/2021\/02\/139861309_1558179481048745_8218849347277744230_o-560x307.jpg 560w, https:\/\/www.giurgiuveanul.ro\/stiri\/wp-content\/uploads\/2021\/02\/139861309_1558179481048745_8218849347277744230_o-250x137.jpg 250w, https:\/\/www.giurgiuveanul.ro\/stiri\/wp-content\/uploads\/2021\/02\/139861309_1558179481048745_8218849347277744230_o-768x421.jpg 768w, https:\/\/www.giurgiuveanul.ro\/stiri\/wp-content\/uploads\/2021\/02\/139861309_1558179481048745_8218849347277744230_o-1536x843.jpg 1536w, https:\/\/www.giurgiuveanul.ro\/stiri\/wp-content\/uploads\/2021\/02\/139861309_1558179481048745_8218849347277744230_o-400x219.jpg 400w, https:\/\/www.giurgiuveanul.ro\/stiri\/wp-content\/uploads\/2021\/02\/139861309_1558179481048745_8218849347277744230_o.jpg 1750w\" sizes=\"auto, (max-width: 576px) 100vw, 576px\" \/><\/a>\u00cencep\u00e2nd cu<!--more--> 15 februarie 2021, timp de 14 zile, vor avea\u00a0loc \u00eenscrierile candida\u021bilor pentru participarea la concursurile de admitere \u00een \u0219colile de agen\u021bi de poli\u021bie.<\/strong><\/p>\n<p style=\"text-align: justify;\">Depunerea documentelor pentru dosarul de recrutare va avea loc p\u00e2n\u0103 la data de <strong>10 martie 2021<\/strong>.<\/p>\n<p style=\"text-align: justify;\">Urmeaz\u0103 sus\u0163inerea probei de evaluare a performan\u0163ei fizice \u00een centrele zonale de selec\u0163ie (\u00een perioada 18-24 martie 2021), iar sus\u0163inerea probei de verificare a cuno\u015ftin\u0163elor se va realiza la unit\u0103\u0163ile de selec\u0163ie, la data de 27 martie 2021. Examinarea medical\u0103 a candida\u021bilor r\u0103ma\u0219i \u00een concurs se va realiza dup\u0103 parcurgerea acestor etape.<\/p>\n<p style=\"text-align: justify;\">Pute\u021bi candida pe cele\u00a01.283<strong>\u00a0de locuri\u00a0<\/strong>la \u015ecoala de Agen\u0163i de Poli\u0163ie \u201eVasile Lasc\u0103r\u201d C\u00e2mpina \u0219i pe\u00a0200<strong>\u00a0de locuri,<\/strong>\u00a0la \u015ecoala de Agen\u0163i de Poli\u0163ie \u201eSeptimiu Mure\u015fan\u201d Cluj-Napoca.<\/p>\n<p style=\"text-align: justify;\">To\u021bi cei interesa\u021bi \u00ee\u0219i pot depune dosarul de recrutare la sediul inspectoratelor de poli\u021bie jude\u021bene sau la Direc\u021bia General\u0103 de Poli\u021bie a Municipiului Bucure\u0219ti, \u00een func\u021bie de re\u0219edin\u021ba sau domiciliul fiec\u0103ruia.<\/p>\n<p style=\"text-align: justify;\">\u00cen acest an, candida\u021bii vor fi repartiza\u021bi pentru evaluarea performan\u021bei fizice pe centre zonale, \u00een func\u021bie de domiciliu, indiferent de op\u021biune, astfel:<\/p>\n<p style=\"text-align: justify;\">\u2013 Academia de Poli\u021bie \u201eAlexandru Ioan Cuza\u201d \u2013 pentru candida\u021bii din Municipiul Bucure\u0219ti \u0219i jude\u021bele: Arge\u0219, C\u0103l\u0103ra\u0219i, Constan\u021ba, <strong>Giurgiu<\/strong>, Ialomi\u021ba, Ilfov, Teleorman, Tulcea;<\/p>\n<p style=\"text-align: justify;\">\u2013 \u0218coala de Agen\u021bi de Poli\u021bie \u201eVasile Lasc\u0103r\u201d C\u00e2mpina \u2013 pentru candida\u021bii din jude\u021bele: Bra\u0219ov, Br\u0103ila, Buz\u0103u, Covasna, D\u00e2mbovi\u021ba, Gala\u021bi, Prahova, Vrancea;<\/p>\n<p style=\"text-align: justify;\">\u2013 \u0218coala de Agen\u021bi de Poli\u021bie \u201eSeptimiu Mure\u0219an\u201d Cluj-Napoca \u2013 pentru candida\u021bii din jude\u021bele: Alba, Bistri\u021ba-N\u0103s\u0103ud, Cluj, Harghita, Hunedoara, Maramure\u0219, Mure\u0219, S\u0103laj, Sibiu.<\/p>\n<p style=\"text-align: justify;\">Toate detaliile privind condi\u021biile pe care trebuie s\u0103 le \u00eendeplineasc\u0103 un candidat, actele necesare la \u00eenscriere \u0219i probele de concurs se reg\u0103sesc aici:\u00a0<a href=\"https:\/\/www.politiaromana.ro\/ro\/cariera\/admitere-februarie-martie-2021\">https:\/\/www.politiaromana.ro\/ro\/cariera\/admitere-februarie-martie-2021<\/a><\/p>\n","protected":false},"excerpt":{"rendered":"<p>\u00cencep\u00e2nd cu<\/p>\n","protected":false},"author":1,"featured_media":0,"comment_status":"open","ping_status":"open","sticky":false,"template":"","format":"standard","meta":{"footnotes":""},"categories":[8],"tags":[],"class_list":["post-77641","post","type-post","status-publish","format-standard","hentry","category-alert-news"],"_links":{"self":[{"href":"https:\/\/www.giurgiuveanul.ro\/stiri\/wp-json\/wp\/v2\/posts\/77641","targetHints":{"allow":["GET"]}}],"collection":[{"href":"https:\/\/www.giurgiuveanul.ro\/stiri\/wp-json\/wp\/v2\/posts"}],"about":[{"href":"https:\/\/www.giurgiuveanul.ro\/stiri\/wp-json\/wp\/v2\/types\/post"}],"author":[{"embeddable":true,"href":"https:\/\/www.giurgiuveanul.ro\/stiri\/wp-json\/wp\/v2\/users\/1"}],"replies":[{"embeddable":true,"href":"https:\/\/www.giurgiuveanul.ro\/stiri\/wp-json\/wp\/v2\/comments?post=77641"}],"version-history":[{"count":0,"href":"https:\/\/www.giurgiuveanul.ro\/stiri\/wp-json\/wp\/v2\/posts\/77641\/revisions"}],"wp:attachment":[{"href":"https:\/\/www.giurgiuveanul.ro\/stiri\/wp-json\/wp\/v2\/media?parent=77641"}],"wp:term":[{"taxonomy":"category","embeddable":true,"href":"https:\/\/www.giurgiuveanul.ro\/stiri\/wp-json\/wp\/v2\/categories?post=77641"},{"taxonomy":"post_tag","embeddable":true,"href":"https:\/\/www.giurgiuveanul.ro\/stiri\/wp-json\/wp\/v2\/tags?post=77641"}],"curies":[{"name":"wp","href":"https:\/\/api.w.org\/{rel}","templated":true}]}}