{"id":77653,"date":"2021-02-19T15:04:03","date_gmt":"2021-02-19T13:04:03","guid":{"rendered":"https:\/\/www.giurgiuveanul.ro\/stiri\/?p=77653"},"modified":"2021-02-19T15:04:46","modified_gmt":"2021-02-19T13:04:46","slug":"deputat-cristina-elena-dinu-comunicat-de-presa","status":"publish","type":"post","link":"https:\/\/www.giurgiuveanul.ro\/stiri\/deputat-cristina-elena-dinu-comunicat-de-presa\/","title":{"rendered":"Deputat Cristina Elena Dinu, comunicat de pres\u0103"},"content":{"rendered":"<p style=\"text-align: justify;\"><a href=\"https:\/\/www.giurgiuveanul.ro\/stiri\/wp-content\/uploads\/2021\/02\/000000.jpg\"><img loading=\"lazy\" decoding=\"async\" class=\"aligncenter  wp-image-77654\" src=\"https:\/\/www.giurgiuveanul.ro\/stiri\/wp-content\/uploads\/2021\/02\/000000-556x450.jpg\" alt=\"\" width=\"575\" height=\"465\" srcset=\"https:\/\/www.giurgiuveanul.ro\/stiri\/wp-content\/uploads\/2021\/02\/000000-556x450.jpg 556w, https:\/\/www.giurgiuveanul.ro\/stiri\/wp-content\/uploads\/2021\/02\/000000-250x203.jpg 250w, https:\/\/www.giurgiuveanul.ro\/stiri\/wp-content\/uploads\/2021\/02\/000000-768x622.jpg 768w, https:\/\/www.giurgiuveanul.ro\/stiri\/wp-content\/uploads\/2021\/02\/000000-400x324.jpg 400w, https:\/\/www.giurgiuveanul.ro\/stiri\/wp-content\/uploads\/2021\/02\/000000.jpg 800w\" sizes=\"auto, (max-width: 575px) 100vw, 575px\" \/><\/a>\u00cen leg\u0103tur\u0103 cu informa\u0163ia ap\u0103rut\u0103, ast\u0103zi, 19 februarie, \u00een pres\u0103, privind<!--more--> posibilitatea \u00eenchiderii unor licee din municipiul Giurgiu din cauza unor elevi care ar fi participat la aniversarea fiului meu, la sf\u00e2r\u015fitul s\u0103pt\u0103m\u00e2nii trecute, doresc s\u0103 fac urm\u0103toarele preciz\u0103ri:<\/p>\n<ol style=\"text-align: justify;\">\n<li>Persoanele depistate pozitiv la testarea pentru COVID-19, \u00een unele licee din Giurgiu, NU au nicio leg\u0103tur\u0103 cu mine \u015fi nu au fost prezente la aniversarea fiului meu.<\/li>\n<li>De asemenea, doresc s\u0103 men\u0163ionez c\u0103, la aceast\u0103 aniversare, au participat \u00een jur de 50 de tineri, \u00eentr-o loca\u0163ie cu o capacitate de 350 de locuri, conform scenariului verde \u00een care se afl\u0103 Giurgiu.<\/li>\n<\/ol>\n<p style=\"text-align: center;\"><em><strong>Cristina Elena Dinu<\/strong><\/em><\/p>\n","protected":false},"excerpt":{"rendered":"<p>\u00cen leg\u0103tur\u0103 cu informa\u0163ia ap\u0103rut\u0103, ast\u0103zi, 19 februarie, \u00een pres\u0103, privind<\/p>\n","protected":false},"author":1,"featured_media":0,"comment_status":"open","ping_status":"open","sticky":false,"template":"","format":"standard","meta":{"footnotes":""},"categories":[8],"tags":[],"class_list":["post-77653","post","type-post","status-publish","format-standard","hentry","category-alert-news"],"_links":{"self":[{"href":"https:\/\/www.giurgiuveanul.ro\/stiri\/wp-json\/wp\/v2\/posts\/77653","targetHints":{"allow":["GET"]}}],"collection":[{"href":"https:\/\/www.giurgiuveanul.ro\/stiri\/wp-json\/wp\/v2\/posts"}],"about":[{"href":"https:\/\/www.giurgiuveanul.ro\/stiri\/wp-json\/wp\/v2\/types\/post"}],"author":[{"embeddable":true,"href":"https:\/\/www.giurgiuveanul.ro\/stiri\/wp-json\/wp\/v2\/users\/1"}],"replies":[{"embeddable":true,"href":"https:\/\/www.giurgiuveanul.ro\/stiri\/wp-json\/wp\/v2\/comments?post=77653"}],"version-history":[{"count":0,"href":"https:\/\/www.giurgiuveanul.ro\/stiri\/wp-json\/wp\/v2\/posts\/77653\/revisions"}],"wp:attachment":[{"href":"https:\/\/www.giurgiuveanul.ro\/stiri\/wp-json\/wp\/v2\/media?parent=77653"}],"wp:term":[{"taxonomy":"category","embeddable":true,"href":"https:\/\/www.giurgiuveanul.ro\/stiri\/wp-json\/wp\/v2\/categories?post=77653"},{"taxonomy":"post_tag","embeddable":true,"href":"https:\/\/www.giurgiuveanul.ro\/stiri\/wp-json\/wp\/v2\/tags?post=77653"}],"curies":[{"name":"wp","href":"https:\/\/api.w.org\/{rel}","templated":true}]}}