{"id":77739,"date":"2021-02-23T19:03:30","date_gmt":"2021-02-23T17:03:30","guid":{"rendered":"https:\/\/www.giurgiuveanul.ro\/stiri\/?p=77739"},"modified":"2021-02-23T19:03:30","modified_gmt":"2021-02-23T17:03:30","slug":"pericolul-scurtcircuitului-un-magazin-a-fost-cuprins-de-flacari","status":"publish","type":"post","link":"https:\/\/www.giurgiuveanul.ro\/stiri\/pericolul-scurtcircuitului-un-magazin-a-fost-cuprins-de-flacari\/","title":{"rendered":"Pericolul scurtcircuitului. Un magazin a fost cuprins de fl\u0103c\u0103ri"},"content":{"rendered":"<p style=\"text-align: justify;\"><a href=\"https:\/\/www.giurgiuveanul.ro\/stiri\/wp-content\/uploads\/2021\/02\/Incendiu_magazin_noaptea.jpg\"><img loading=\"lazy\" decoding=\"async\" class=\"aligncenter size-large wp-image-77740\" src=\"https:\/\/www.giurgiuveanul.ro\/stiri\/wp-content\/uploads\/2021\/02\/Incendiu_magazin_noaptea-560x308.jpg\" alt=\"\" width=\"560\" height=\"308\" srcset=\"https:\/\/www.giurgiuveanul.ro\/stiri\/wp-content\/uploads\/2021\/02\/Incendiu_magazin_noaptea-560x308.jpg 560w, https:\/\/www.giurgiuveanul.ro\/stiri\/wp-content\/uploads\/2021\/02\/Incendiu_magazin_noaptea-250x138.jpg 250w, https:\/\/www.giurgiuveanul.ro\/stiri\/wp-content\/uploads\/2021\/02\/Incendiu_magazin_noaptea-768x422.jpg 768w, https:\/\/www.giurgiuveanul.ro\/stiri\/wp-content\/uploads\/2021\/02\/Incendiu_magazin_noaptea-400x220.jpg 400w, https:\/\/www.giurgiuveanul.ro\/stiri\/wp-content\/uploads\/2021\/02\/Incendiu_magazin_noaptea.jpg 1200w\" sizes=\"auto, (max-width: 560px) 100vw, 560px\" \/><\/a>Un magazin universal din<!--more--> ora\u0219ul Mih\u0103ile\u0219ti a luat foc, azi-noapte, cel mai probabil din cauza unui scurtcircuit, informeaz\u0103 ISU Giurgiu.<\/p>\n<p style=\"text-align: justify;\">La fa\u021ba locului s-au deplasat pompierii din cadrul G\u0103rzii de Interven\u021bie Mih\u0103ile\u0219ti \u0219i G\u0103rzii de Interven\u021bie M\u0103gurele (ISU-BIF), cu dou\u0103\u00a0 autospeciale de stingere cu ap\u0103 \u0219i spum\u0103.<\/p>\n<p style=\"text-align: justify;\">Pompierii au constatat c\u0103 incendiul se manifesta cu flac\u0103r\u0103 deschis\u0103, at\u00e2t la nivelul acoperi\u0219ului, c\u00e2t \u0219i \u00een interiorul magazinului.<\/p>\n<p style=\"text-align: justify;\">\u00cen incendiu au ars astereala din lemn pe o suprafa\u021b\u0103 de aproximativ 50 mp, mobilier, diluan\u021bi \u0219i vopseluri. De asemenea au fost distruse casa de marcat, o central\u0103 termic\u0103 pe gaz, vitrine frigorifice, aparate electrice \u0219i electronice \u0219i produse de uz casnic.<\/p>\n<p style=\"text-align: justify;\"><strong><em>Informare preventiv\u0103<\/em><\/strong><\/p>\n<p style=\"text-align: justify;\">Incediile de natur\u0103 electric\u0103 pot fi prevenite dac\u0103 sunt respectate urm\u0103toarele m\u0103suri:<\/p>\n<ul>\n<li style=\"text-align: justify;\">efectua\u0163i verificarea periodic\u0103 a instala\u0163iei electrice cu ajutorul personalului autorizat;<\/li>\n<li style=\"text-align: justify;\">nu folosi\u0163i instala\u0163ii electrice improvizate;<\/li>\n<li style=\"text-align: justify;\">la suplimentarea receptoarelor asigura\u0163i-v\u0103 c\u0103 instala\u0163ia existent\u0103 poate prelua consumul adi\u0163ional;<\/li>\n<li style=\"text-align: justify;\">verifica\u0163i periodic cordoanele de leg\u0103tur\u0103 ale aparatelor electrice \u015fi \u00eenlocui\u0163i-le atunci c\u00e2nd sunt uzate;<\/li>\n<li style=\"text-align: justify;\">nu folosi\u0163i prize sau \u00eentrerup\u0103toare sl\u0103bite;<\/li>\n<li style=\"text-align: justify;\">nu suprasolicita\u0163i o priz\u0103 deoarece unele incendii se produc din cauza solicit\u0103rii excesive a unei surse de curent;<\/li>\n<li style=\"text-align: justify;\">echipa\u021bi tabloul electric cu siguran\u021be corect dimensionate.<\/li>\n<\/ul>\n","protected":false},"excerpt":{"rendered":"<p>Un magazin universal din<\/p>\n","protected":false},"author":1,"featured_media":0,"comment_status":"open","ping_status":"open","sticky":false,"template":"","format":"standard","meta":{"footnotes":""},"categories":[6],"tags":[],"class_list":["post-77739","post","type-post","status-publish","format-standard","hentry","category-breaking-news"],"_links":{"self":[{"href":"https:\/\/www.giurgiuveanul.ro\/stiri\/wp-json\/wp\/v2\/posts\/77739","targetHints":{"allow":["GET"]}}],"collection":[{"href":"https:\/\/www.giurgiuveanul.ro\/stiri\/wp-json\/wp\/v2\/posts"}],"about":[{"href":"https:\/\/www.giurgiuveanul.ro\/stiri\/wp-json\/wp\/v2\/types\/post"}],"author":[{"embeddable":true,"href":"https:\/\/www.giurgiuveanul.ro\/stiri\/wp-json\/wp\/v2\/users\/1"}],"replies":[{"embeddable":true,"href":"https:\/\/www.giurgiuveanul.ro\/stiri\/wp-json\/wp\/v2\/comments?post=77739"}],"version-history":[{"count":0,"href":"https:\/\/www.giurgiuveanul.ro\/stiri\/wp-json\/wp\/v2\/posts\/77739\/revisions"}],"wp:attachment":[{"href":"https:\/\/www.giurgiuveanul.ro\/stiri\/wp-json\/wp\/v2\/media?parent=77739"}],"wp:term":[{"taxonomy":"category","embeddable":true,"href":"https:\/\/www.giurgiuveanul.ro\/stiri\/wp-json\/wp\/v2\/categories?post=77739"},{"taxonomy":"post_tag","embeddable":true,"href":"https:\/\/www.giurgiuveanul.ro\/stiri\/wp-json\/wp\/v2\/tags?post=77739"}],"curies":[{"name":"wp","href":"https:\/\/api.w.org\/{rel}","templated":true}]}}