{"id":77755,"date":"2021-02-24T18:58:15","date_gmt":"2021-02-24T16:58:15","guid":{"rendered":"https:\/\/www.giurgiuveanul.ro\/stiri\/?p=77755"},"modified":"2021-02-24T18:58:15","modified_gmt":"2021-02-24T16:58:15","slug":"ultima-ora-prefectura-doua-unitati-de-invatamant-giurgiuvene-cursuri-suspendate-pentru-urmatoarele-14-zile","status":"publish","type":"post","link":"https:\/\/www.giurgiuveanul.ro\/stiri\/ultima-ora-prefectura-doua-unitati-de-invatamant-giurgiuvene-cursuri-suspendate-pentru-urmatoarele-14-zile\/","title":{"rendered":"ULTIMA OR\u0102! PREFECTURA: Dou\u0103 unit\u0103\u0163i de \u00eenv\u0103\u0163\u0103m\u00e2nt giurgiuvene, cursuri suspendate pentru urm\u0103toarele 14 zile!"},"content":{"rendered":"<p style=\"text-align: justify;\"><a href=\"https:\/\/www.giurgiuveanul.ro\/stiri\/wp-content\/uploads\/2021\/02\/IMG_9431-2.jpg\"><img loading=\"lazy\" decoding=\"async\" class=\"aligncenter size-large wp-image-77713\" src=\"https:\/\/www.giurgiuveanul.ro\/stiri\/wp-content\/uploads\/2021\/02\/IMG_9431-2-560x400.jpg\" alt=\"\" width=\"560\" height=\"400\" srcset=\"https:\/\/www.giurgiuveanul.ro\/stiri\/wp-content\/uploads\/2021\/02\/IMG_9431-2-560x400.jpg 560w, https:\/\/www.giurgiuveanul.ro\/stiri\/wp-content\/uploads\/2021\/02\/IMG_9431-2-250x179.jpg 250w, https:\/\/www.giurgiuveanul.ro\/stiri\/wp-content\/uploads\/2021\/02\/IMG_9431-2-768x549.jpg 768w, https:\/\/www.giurgiuveanul.ro\/stiri\/wp-content\/uploads\/2021\/02\/IMG_9431-2-400x286.jpg 400w, https:\/\/www.giurgiuveanul.ro\/stiri\/wp-content\/uploads\/2021\/02\/IMG_9431-2.jpg 800w\" sizes=\"auto, (max-width: 560px) 100vw, 560px\" \/><\/a>Comitetul Jude\u021bean pentru Situa\u021bii de Urgen\u021b\u0103 Giurgiu, \u00eentrunit ast\u0103zi, 24.02.2021, \u00een \u0219edin\u021b\u0103 online, a aprobat<!--more--> suspendarea cursurilor pentru o perioad\u0103 de 14 zile \u00een urm\u0103toarele unit\u0103\u021bi de \u00eenv\u0103\u021b\u0103m\u00e2nt din jude\u021bul Giurgiu:<\/p>\n<p style=\"text-align: justify;\">&#8211; Liceul Teoretic \u201eTudor Vianu\u201d Giurgiu \u2013 toat\u0103 unitatea de \u00eenv\u0103\u0163\u0103m\u00e2nt;<\/p>\n<p style=\"text-align: justify;\">&#8211; \u015ecoala Gimnazial\u0103 \u201eAcademician Marin Voiculescu\u201d Giurgiu \u2013 toat\u0103 unitatea de \u00eenv\u0103\u0163\u0103m\u00e2nt;<\/p>\n<p style=\"text-align: justify;\">&#8211; \u015ecoala Gimnazial\u0103 nr. 10 Giurgiu \u2013 numai pentru clasa a VI-a A;<\/p>\n<p style=\"text-align: justify;\">&#8211; \u015ecoala Gimnazial\u0103 \u201eMihai Eminescu\u201d Giurgiu \u2013 numai pentru clasa a II-a B;<\/p>\n<p style=\"text-align: justify;\">&#8211; \u015ecoala Gimnazial\u0103 nr. 3 Comana \u2013 numai pentru clasa preg\u0103titoare.<\/p>\n<p style=\"text-align: justify;\">\u00a0\u00a0\u00a0\u00a0\u00a0\u00a0\u00a0 Pentru aceste unit\u0103\u0163i de \u00eenv\u0103\u0163\u0103m\u00e2nt\/clase procesul de \u00eenv\u0103\u0163\u0103m\u00e2nt continu\u0103 \u00een sistem online.<\/p>\n<p style=\"text-align: justify;\">\u00a0\u00a0\u00a0\u00a0\u00a0\u00a0\u00a0 M\u0103sura a fost dispus\u0103 ca urmare a confirm\u0103rii mai multor cazuri de \u00eemboln\u0103vire cu virusul SARS-CoV-2 \u00een r\u00e2ndul elevilor, personalului didactic \u015fi nedidactic, \u015fi a fost avizat\u0103 de Direc\u0163ia de S\u0103n\u0103tate Public\u0103 Giurgiu \u015fi de Inspectoratul \u015ecolar Jude\u0163ean Giurgiu.<\/p>\n<p style=\"text-align: justify;\">\u00a0\u00a0\u00a0\u00a0\u00a0\u00a0\u00a0 \u00cen perioada de suspendare a cursurilor cu prezen\u0163\u0103 fizic\u0103, pentru unit\u0103\u0163ile de \u00eenv\u0103\u0163\u0103m\u00e2nt men\u0163ionate, conducerea unit\u0103\u0163ii\/institu\u0163iei de \u00eenv\u0103\u0163\u0103m\u00e2nt va dispune realizarea cur\u0103\u0163eniei \u015fi aerisirii claselor\/s\u0103lilor, precum \u015fi dezinfec\u0163ia general\u0103 \u015fi nebulizarea spa\u0163iilor unit\u0103\u0163ii\/institu\u0163iei de \u00eenv\u0103\u0163\u0103m\u00e2nt, respectiv clase, s\u0103li, holuri, toalete.<\/p>\n<p style=\"text-align: justify;\">\u00a0\u00a0\u00a0\u00a0\u00a0\u00a0\u00a0 Reluarea cursurilor care presupun prezen\u0163a fizic\u0103 pentru unit\u0103\u0163ile de \u00eenv\u0103\u0163\u0103m\u00e2nt men\u0163ionate se dispune prin hot\u0103r\u00e2rea Comitetului Jude\u0163ean pentru Situa\u0163ii de Urgen\u0163\u0103 Giurgiu, la propunerea conducerii unit\u0103\u0163ii de \u00eenv\u0103\u0163\u0103m\u00e2nt.<\/p>\n<p style=\"text-align: center;\"><em><strong>Biroul de Pres\u0103 al Institu\u021biei Prefectului Jude\u021bul Giurgiu<\/strong><\/em><\/p>\n","protected":false},"excerpt":{"rendered":"<p>Comitetul Jude\u021bean pentru Situa\u021bii de Urgen\u021b\u0103 Giurgiu, \u00eentrunit ast\u0103zi, 24.02.2021, \u00een \u0219edin\u021b\u0103 online, a aprobat<\/p>\n","protected":false},"author":1,"featured_media":0,"comment_status":"open","ping_status":"open","sticky":false,"template":"","format":"standard","meta":{"footnotes":""},"categories":[6],"tags":[],"class_list":["post-77755","post","type-post","status-publish","format-standard","hentry","category-breaking-news"],"_links":{"self":[{"href":"https:\/\/www.giurgiuveanul.ro\/stiri\/wp-json\/wp\/v2\/posts\/77755","targetHints":{"allow":["GET"]}}],"collection":[{"href":"https:\/\/www.giurgiuveanul.ro\/stiri\/wp-json\/wp\/v2\/posts"}],"about":[{"href":"https:\/\/www.giurgiuveanul.ro\/stiri\/wp-json\/wp\/v2\/types\/post"}],"author":[{"embeddable":true,"href":"https:\/\/www.giurgiuveanul.ro\/stiri\/wp-json\/wp\/v2\/users\/1"}],"replies":[{"embeddable":true,"href":"https:\/\/www.giurgiuveanul.ro\/stiri\/wp-json\/wp\/v2\/comments?post=77755"}],"version-history":[{"count":0,"href":"https:\/\/www.giurgiuveanul.ro\/stiri\/wp-json\/wp\/v2\/posts\/77755\/revisions"}],"wp:attachment":[{"href":"https:\/\/www.giurgiuveanul.ro\/stiri\/wp-json\/wp\/v2\/media?parent=77755"}],"wp:term":[{"taxonomy":"category","embeddable":true,"href":"https:\/\/www.giurgiuveanul.ro\/stiri\/wp-json\/wp\/v2\/categories?post=77755"},{"taxonomy":"post_tag","embeddable":true,"href":"https:\/\/www.giurgiuveanul.ro\/stiri\/wp-json\/wp\/v2\/tags?post=77755"}],"curies":[{"name":"wp","href":"https:\/\/api.w.org\/{rel}","templated":true}]}}