{"id":77760,"date":"2021-02-24T19:22:50","date_gmt":"2021-02-24T17:22:50","guid":{"rendered":"https:\/\/www.giurgiuveanul.ro\/stiri\/?p=77760"},"modified":"2021-02-24T19:22:50","modified_gmt":"2021-02-24T17:22:50","slug":"giurgiuvean-condamnat-la-patru-ani-si-patru-luni-de-inchisoare-pentru-mita-si-fals-intelectual-prins-de-politisti-si-depus-la-penitenciar-pentru-executarea-pedepsei","status":"publish","type":"post","link":"https:\/\/www.giurgiuveanul.ro\/stiri\/giurgiuvean-condamnat-la-patru-ani-si-patru-luni-de-inchisoare-pentru-mita-si-fals-intelectual-prins-de-politisti-si-depus-la-penitenciar-pentru-executarea-pedepsei\/","title":{"rendered":"Giurgiuvean condamnat la patru ani \u0219i patru luni de \u00eenchisoare pentru mit\u0103 \u0219i fals intelectual, prins de poli\u0163i\u015fti \u015fi depus la Penitenciar pentru executarea pedepsei"},"content":{"rendered":"<p style=\"text-align: justify;\"><a href=\"https:\/\/www.giurgiuveanul.ro\/stiri\/wp-content\/uploads\/2021\/02\/0000-746722-catuse.jpg\"><img loading=\"lazy\" decoding=\"async\" class=\"aligncenter size-large wp-image-77762\" src=\"https:\/\/www.giurgiuveanul.ro\/stiri\/wp-content\/uploads\/2021\/02\/0000-746722-catuse-560x364.jpg\" alt=\"\" width=\"560\" height=\"364\" srcset=\"https:\/\/www.giurgiuveanul.ro\/stiri\/wp-content\/uploads\/2021\/02\/0000-746722-catuse-560x364.jpg 560w, https:\/\/www.giurgiuveanul.ro\/stiri\/wp-content\/uploads\/2021\/02\/0000-746722-catuse-250x162.jpg 250w, https:\/\/www.giurgiuveanul.ro\/stiri\/wp-content\/uploads\/2021\/02\/0000-746722-catuse-768x499.jpg 768w, https:\/\/www.giurgiuveanul.ro\/stiri\/wp-content\/uploads\/2021\/02\/0000-746722-catuse-400x260.jpg 400w, https:\/\/www.giurgiuveanul.ro\/stiri\/wp-content\/uploads\/2021\/02\/0000-746722-catuse.jpg 1200w\" sizes=\"auto, (max-width: 560px) 100vw, 560px\" \/><\/a>Poli\u021bi\u0219tii din cadrul Serviciul de Investiga\u021bii Criminale<!--more--> au organizat \u0219i efectuat o ac\u021biune pe linia persoanelor urm\u0103rite, pe raza municipiului Giurgiu, ocazie cu care, au depistat un b\u0103rbat, de 40 de ani, din municipiul Giurgiu, pe numele c\u0103ruia, Tribunalul Giurgiu a emis mandat de executare a pedepsei \u00eenchisorii, fiind <strong>condamnat la o pedeaps\u0103 de patru ani \u0219i patrru luni \u00eenchisoare pentru s\u0103v\u00e2r\u0219irea infrac\u021biunilor de luare de mit\u0103 \u0219i fals intelectual.<\/strong><\/p>\n<p style=\"text-align: justify;\">Persoana depistat\u0103 a fost condus\u0103 la sediul unit\u0103\u021bii de poli\u021bie pentru \u00eentocmirea documenta\u021biei necesare \u0219i depus\u0103 ulterior \u00een cadrul Penitenciarul de Maxim\u0103 Siguran\u021b\u0103 Giurgiu.<\/p>\n","protected":false},"excerpt":{"rendered":"<p>Poli\u021bi\u0219tii din cadrul Serviciul de Investiga\u021bii Criminale<\/p>\n","protected":false},"author":1,"featured_media":0,"comment_status":"open","ping_status":"open","sticky":false,"template":"","format":"standard","meta":{"footnotes":""},"categories":[6],"tags":[],"class_list":["post-77760","post","type-post","status-publish","format-standard","hentry","category-breaking-news"],"_links":{"self":[{"href":"https:\/\/www.giurgiuveanul.ro\/stiri\/wp-json\/wp\/v2\/posts\/77760","targetHints":{"allow":["GET"]}}],"collection":[{"href":"https:\/\/www.giurgiuveanul.ro\/stiri\/wp-json\/wp\/v2\/posts"}],"about":[{"href":"https:\/\/www.giurgiuveanul.ro\/stiri\/wp-json\/wp\/v2\/types\/post"}],"author":[{"embeddable":true,"href":"https:\/\/www.giurgiuveanul.ro\/stiri\/wp-json\/wp\/v2\/users\/1"}],"replies":[{"embeddable":true,"href":"https:\/\/www.giurgiuveanul.ro\/stiri\/wp-json\/wp\/v2\/comments?post=77760"}],"version-history":[{"count":0,"href":"https:\/\/www.giurgiuveanul.ro\/stiri\/wp-json\/wp\/v2\/posts\/77760\/revisions"}],"wp:attachment":[{"href":"https:\/\/www.giurgiuveanul.ro\/stiri\/wp-json\/wp\/v2\/media?parent=77760"}],"wp:term":[{"taxonomy":"category","embeddable":true,"href":"https:\/\/www.giurgiuveanul.ro\/stiri\/wp-json\/wp\/v2\/categories?post=77760"},{"taxonomy":"post_tag","embeddable":true,"href":"https:\/\/www.giurgiuveanul.ro\/stiri\/wp-json\/wp\/v2\/tags?post=77760"}],"curies":[{"name":"wp","href":"https:\/\/api.w.org\/{rel}","templated":true}]}}