{"id":77815,"date":"2021-02-26T08:53:26","date_gmt":"2021-02-26T06:53:26","guid":{"rendered":"https:\/\/www.giurgiuveanul.ro\/stiri\/?p=77815"},"modified":"2021-02-26T08:53:26","modified_gmt":"2021-02-26T06:53:26","slug":"ultima-ora-inca-o-victima-din-accidentul-rutier-de-la-calugareni-se-zbate-intre-viata-si-moarte","status":"publish","type":"post","link":"https:\/\/www.giurgiuveanul.ro\/stiri\/ultima-ora-inca-o-victima-din-accidentul-rutier-de-la-calugareni-se-zbate-intre-viata-si-moarte\/","title":{"rendered":"ULTIMA OR\u0102! \u00cenc\u0103 o victim\u0103 din ACCIDENTUL RUTIER de la C\u0103lug\u0103reni se zbate \u00eentre via\u0163\u0103 \u015fi moarte&#8230;"},"content":{"rendered":"<p style=\"text-align: justify;\"><a href=\"https:\/\/www.giurgiuveanul.ro\/stiri\/wp-content\/uploads\/2021\/02\/154680564_182144150029138_7976116513329501164_n.jpg\"><img loading=\"lazy\" decoding=\"async\" class=\"aligncenter size-large wp-image-77816\" src=\"https:\/\/www.giurgiuveanul.ro\/stiri\/wp-content\/uploads\/2021\/02\/154680564_182144150029138_7976116513329501164_n-560x441.jpg\" alt=\"\" width=\"560\" height=\"441\" srcset=\"https:\/\/www.giurgiuveanul.ro\/stiri\/wp-content\/uploads\/2021\/02\/154680564_182144150029138_7976116513329501164_n-560x441.jpg 560w, https:\/\/www.giurgiuveanul.ro\/stiri\/wp-content\/uploads\/2021\/02\/154680564_182144150029138_7976116513329501164_n-250x197.jpg 250w, https:\/\/www.giurgiuveanul.ro\/stiri\/wp-content\/uploads\/2021\/02\/154680564_182144150029138_7976116513329501164_n-768x605.jpg 768w, https:\/\/www.giurgiuveanul.ro\/stiri\/wp-content\/uploads\/2021\/02\/154680564_182144150029138_7976116513329501164_n-1536x1209.jpg 1536w, https:\/\/www.giurgiuveanul.ro\/stiri\/wp-content\/uploads\/2021\/02\/154680564_182144150029138_7976116513329501164_n-400x315.jpg 400w, https:\/\/www.giurgiuveanul.ro\/stiri\/wp-content\/uploads\/2021\/02\/154680564_182144150029138_7976116513329501164_n.jpg 2048w\" sizes=\"auto, (max-width: 560px) 100vw, 560px\" \/><\/a>Potrivit ISU Giurgiu,<!--more--> o femeie, pasager\u0103 a autoturismului, se afl\u0103 \u00een stop cardio-respirator. Echipajul SAJ efectueaz\u0103 manevre de resuscitare.<\/p>\n<p style=\"text-align: justify;\">Vom reveni cu am\u0103nunte.<\/p>\n","protected":false},"excerpt":{"rendered":"<p>Potrivit ISU Giurgiu,<\/p>\n","protected":false},"author":1,"featured_media":0,"comment_status":"open","ping_status":"open","sticky":false,"template":"","format":"standard","meta":{"footnotes":""},"categories":[6],"tags":[],"class_list":["post-77815","post","type-post","status-publish","format-standard","hentry","category-breaking-news"],"_links":{"self":[{"href":"https:\/\/www.giurgiuveanul.ro\/stiri\/wp-json\/wp\/v2\/posts\/77815","targetHints":{"allow":["GET"]}}],"collection":[{"href":"https:\/\/www.giurgiuveanul.ro\/stiri\/wp-json\/wp\/v2\/posts"}],"about":[{"href":"https:\/\/www.giurgiuveanul.ro\/stiri\/wp-json\/wp\/v2\/types\/post"}],"author":[{"embeddable":true,"href":"https:\/\/www.giurgiuveanul.ro\/stiri\/wp-json\/wp\/v2\/users\/1"}],"replies":[{"embeddable":true,"href":"https:\/\/www.giurgiuveanul.ro\/stiri\/wp-json\/wp\/v2\/comments?post=77815"}],"version-history":[{"count":0,"href":"https:\/\/www.giurgiuveanul.ro\/stiri\/wp-json\/wp\/v2\/posts\/77815\/revisions"}],"wp:attachment":[{"href":"https:\/\/www.giurgiuveanul.ro\/stiri\/wp-json\/wp\/v2\/media?parent=77815"}],"wp:term":[{"taxonomy":"category","embeddable":true,"href":"https:\/\/www.giurgiuveanul.ro\/stiri\/wp-json\/wp\/v2\/categories?post=77815"},{"taxonomy":"post_tag","embeddable":true,"href":"https:\/\/www.giurgiuveanul.ro\/stiri\/wp-json\/wp\/v2\/tags?post=77815"}],"curies":[{"name":"wp","href":"https:\/\/api.w.org\/{rel}","templated":true}]}}