{"id":77818,"date":"2021-02-26T09:02:36","date_gmt":"2021-02-26T07:02:36","guid":{"rendered":"https:\/\/www.giurgiuveanul.ro\/stiri\/?p=77818"},"modified":"2021-02-26T09:11:57","modified_gmt":"2021-02-26T07:11:57","slug":"inspectoratul-de-politie-judetean-giurgiu-informatii-oficiale-despre-accidentul-rutier-de-la-calugareni","status":"publish","type":"post","link":"https:\/\/www.giurgiuveanul.ro\/stiri\/inspectoratul-de-politie-judetean-giurgiu-informatii-oficiale-despre-accidentul-rutier-de-la-calugareni\/","title":{"rendered":"Inspectoratul de Poli\u0163ie Jude\u0163ean Giurgiu, informa\u0163ii oficiale despre ACCIDENTUL RUTIER de la C\u0103lug\u0103reni"},"content":{"rendered":"<p style=\"text-align: justify;\"><a href=\"https:\/\/www.giurgiuveanul.ro\/stiri\/wp-content\/uploads\/2021\/02\/154686099_446199203298177_5389661189451221951_n.jpg\"><img loading=\"lazy\" decoding=\"async\" class=\"aligncenter size-large wp-image-77821\" src=\"https:\/\/www.giurgiuveanul.ro\/stiri\/wp-content\/uploads\/2021\/02\/154686099_446199203298177_5389661189451221951_n-560x425.jpg\" alt=\"\" width=\"560\" height=\"425\" srcset=\"https:\/\/www.giurgiuveanul.ro\/stiri\/wp-content\/uploads\/2021\/02\/154686099_446199203298177_5389661189451221951_n-560x425.jpg 560w, https:\/\/www.giurgiuveanul.ro\/stiri\/wp-content\/uploads\/2021\/02\/154686099_446199203298177_5389661189451221951_n-250x190.jpg 250w, https:\/\/www.giurgiuveanul.ro\/stiri\/wp-content\/uploads\/2021\/02\/154686099_446199203298177_5389661189451221951_n-768x583.jpg 768w, https:\/\/www.giurgiuveanul.ro\/stiri\/wp-content\/uploads\/2021\/02\/154686099_446199203298177_5389661189451221951_n-400x304.jpg 400w, https:\/\/www.giurgiuveanul.ro\/stiri\/wp-content\/uploads\/2021\/02\/154686099_446199203298177_5389661189451221951_n.jpg 1200w\" sizes=\"auto, (max-width: 560px) 100vw, 560px\" \/><\/a>\u00cen aceast\u0103 diminea\u021b\u0103, la ora<!--more--> 07.15, pe DN 5, pe raza localit\u0103\u021bii Calugareni, a avut loc un eveniment rutier, in care au fost implicate doua autovehicule, respectiv un autoturism \u0219i un microbuz, produs de c\u0103tre \u0219oferul autoturismului, un b\u0103rbat de 54 de ani, din ora\u0219ul Popesti Leordeni, jude\u021bul Ilfov.<\/p>\n<p style=\"text-align: justify;\">In urma evenimentului rutier, un b\u0103rbat de 55 de ani, din jude\u021bul Ilfov, pasager in microbuz, a decedat, iar alte 7 persoane, pasagere in microbuz \u0219i autoturism, au fost r\u0103nite \u0219i transportate la spital pentru acordarea de \u00eengrijiri medicale.<\/p>\n<p style=\"text-align: justify;\">Vom reveni cu informa\u021bii.<\/p>\n","protected":false},"excerpt":{"rendered":"<p>\u00cen aceast\u0103 diminea\u021b\u0103, la ora<\/p>\n","protected":false},"author":1,"featured_media":0,"comment_status":"open","ping_status":"open","sticky":false,"template":"","format":"standard","meta":{"footnotes":""},"categories":[6],"tags":[],"class_list":["post-77818","post","type-post","status-publish","format-standard","hentry","category-breaking-news"],"_links":{"self":[{"href":"https:\/\/www.giurgiuveanul.ro\/stiri\/wp-json\/wp\/v2\/posts\/77818","targetHints":{"allow":["GET"]}}],"collection":[{"href":"https:\/\/www.giurgiuveanul.ro\/stiri\/wp-json\/wp\/v2\/posts"}],"about":[{"href":"https:\/\/www.giurgiuveanul.ro\/stiri\/wp-json\/wp\/v2\/types\/post"}],"author":[{"embeddable":true,"href":"https:\/\/www.giurgiuveanul.ro\/stiri\/wp-json\/wp\/v2\/users\/1"}],"replies":[{"embeddable":true,"href":"https:\/\/www.giurgiuveanul.ro\/stiri\/wp-json\/wp\/v2\/comments?post=77818"}],"version-history":[{"count":0,"href":"https:\/\/www.giurgiuveanul.ro\/stiri\/wp-json\/wp\/v2\/posts\/77818\/revisions"}],"wp:attachment":[{"href":"https:\/\/www.giurgiuveanul.ro\/stiri\/wp-json\/wp\/v2\/media?parent=77818"}],"wp:term":[{"taxonomy":"category","embeddable":true,"href":"https:\/\/www.giurgiuveanul.ro\/stiri\/wp-json\/wp\/v2\/categories?post=77818"},{"taxonomy":"post_tag","embeddable":true,"href":"https:\/\/www.giurgiuveanul.ro\/stiri\/wp-json\/wp\/v2\/tags?post=77818"}],"curies":[{"name":"wp","href":"https:\/\/api.w.org\/{rel}","templated":true}]}}