{"id":77823,"date":"2021-02-26T09:24:02","date_gmt":"2021-02-26T07:24:02","guid":{"rendered":"https:\/\/www.giurgiuveanul.ro\/stiri\/?p=77823"},"modified":"2021-02-26T09:30:58","modified_gmt":"2021-02-26T07:30:58","slug":"ultima-ora-inca-o-victima-a-accidentului-rutier-de-la-calugareni-a-decedat","status":"publish","type":"post","link":"https:\/\/www.giurgiuveanul.ro\/stiri\/ultima-ora-inca-o-victima-a-accidentului-rutier-de-la-calugareni-a-decedat\/","title":{"rendered":"ULTIMA OR\u0102! \u00cenc\u0103 o victim\u0103 a ACCIDENTULUI RUTIER de la C\u0103lug\u0103reni a decedat&#8230;"},"content":{"rendered":"<p><a href=\"https:\/\/www.giurgiuveanul.ro\/stiri\/wp-content\/uploads\/2021\/02\/154099631_3721148744640741_5541111438618613385_n.jpg\"><img loading=\"lazy\" decoding=\"async\" class=\"aligncenter size-large wp-image-77824\" src=\"https:\/\/www.giurgiuveanul.ro\/stiri\/wp-content\/uploads\/2021\/02\/154099631_3721148744640741_5541111438618613385_n-560x312.jpg\" alt=\"\" width=\"560\" height=\"312\" srcset=\"https:\/\/www.giurgiuveanul.ro\/stiri\/wp-content\/uploads\/2021\/02\/154099631_3721148744640741_5541111438618613385_n-560x312.jpg 560w, https:\/\/www.giurgiuveanul.ro\/stiri\/wp-content\/uploads\/2021\/02\/154099631_3721148744640741_5541111438618613385_n-250x139.jpg 250w, https:\/\/www.giurgiuveanul.ro\/stiri\/wp-content\/uploads\/2021\/02\/154099631_3721148744640741_5541111438618613385_n-768x428.jpg 768w, https:\/\/www.giurgiuveanul.ro\/stiri\/wp-content\/uploads\/2021\/02\/154099631_3721148744640741_5541111438618613385_n-400x223.jpg 400w, https:\/\/www.giurgiuveanul.ro\/stiri\/wp-content\/uploads\/2021\/02\/154099631_3721148744640741_5541111438618613385_n.jpg 1200w\" sizes=\"auto, (max-width: 560px) 100vw, 560px\" \/><\/a>Din p\u0103cate, echipajele<!--more--> medicale au declarat decesul femeii, \u00een v\u00e2rst\u0103 de aproximativ 40 de ani, informeaz\u0103 ISU Giurgiu.<\/p>\n<p>P\u00e2n\u0103 \u00een prezent, au decedat dou\u0103 persoane.<\/p>\n","protected":false},"excerpt":{"rendered":"<p>Din p\u0103cate, echipajele<\/p>\n","protected":false},"author":1,"featured_media":0,"comment_status":"open","ping_status":"open","sticky":false,"template":"","format":"standard","meta":{"footnotes":""},"categories":[6],"tags":[],"class_list":["post-77823","post","type-post","status-publish","format-standard","hentry","category-breaking-news"],"_links":{"self":[{"href":"https:\/\/www.giurgiuveanul.ro\/stiri\/wp-json\/wp\/v2\/posts\/77823","targetHints":{"allow":["GET"]}}],"collection":[{"href":"https:\/\/www.giurgiuveanul.ro\/stiri\/wp-json\/wp\/v2\/posts"}],"about":[{"href":"https:\/\/www.giurgiuveanul.ro\/stiri\/wp-json\/wp\/v2\/types\/post"}],"author":[{"embeddable":true,"href":"https:\/\/www.giurgiuveanul.ro\/stiri\/wp-json\/wp\/v2\/users\/1"}],"replies":[{"embeddable":true,"href":"https:\/\/www.giurgiuveanul.ro\/stiri\/wp-json\/wp\/v2\/comments?post=77823"}],"version-history":[{"count":0,"href":"https:\/\/www.giurgiuveanul.ro\/stiri\/wp-json\/wp\/v2\/posts\/77823\/revisions"}],"wp:attachment":[{"href":"https:\/\/www.giurgiuveanul.ro\/stiri\/wp-json\/wp\/v2\/media?parent=77823"}],"wp:term":[{"taxonomy":"category","embeddable":true,"href":"https:\/\/www.giurgiuveanul.ro\/stiri\/wp-json\/wp\/v2\/categories?post=77823"},{"taxonomy":"post_tag","embeddable":true,"href":"https:\/\/www.giurgiuveanul.ro\/stiri\/wp-json\/wp\/v2\/tags?post=77823"}],"curies":[{"name":"wp","href":"https:\/\/api.w.org\/{rel}","templated":true}]}}