{"id":77828,"date":"2021-02-26T09:39:12","date_gmt":"2021-02-26T07:39:12","guid":{"rendered":"https:\/\/www.giurgiuveanul.ro\/stiri\/?p=77828"},"modified":"2021-02-26T10:51:56","modified_gmt":"2021-02-26T08:51:56","slug":"isu-giurgiu-bilantul-victimelor-accidentului-rutier-de-la-calugareni","status":"publish","type":"post","link":"https:\/\/www.giurgiuveanul.ro\/stiri\/isu-giurgiu-bilantul-victimelor-accidentului-rutier-de-la-calugareni\/","title":{"rendered":"ISU Giurgiu: Bilan\u021bul victimelor ACCIDENTULUI RUTIER de la C\u0103lug\u0103reni"},"content":{"rendered":"<p><a href=\"https:\/\/www.giurgiuveanul.ro\/stiri\/wp-content\/uploads\/2021\/02\/155076797_2933736836872150_7612015643506451924_n.jpg\"><img loading=\"lazy\" decoding=\"async\" class=\"aligncenter size-large wp-image-77829\" src=\"https:\/\/www.giurgiuveanul.ro\/stiri\/wp-content\/uploads\/2021\/02\/155076797_2933736836872150_7612015643506451924_n-535x450.jpg\" alt=\"\" width=\"535\" height=\"450\" srcset=\"https:\/\/www.giurgiuveanul.ro\/stiri\/wp-content\/uploads\/2021\/02\/155076797_2933736836872150_7612015643506451924_n-535x450.jpg 535w, https:\/\/www.giurgiuveanul.ro\/stiri\/wp-content\/uploads\/2021\/02\/155076797_2933736836872150_7612015643506451924_n-250x210.jpg 250w, https:\/\/www.giurgiuveanul.ro\/stiri\/wp-content\/uploads\/2021\/02\/155076797_2933736836872150_7612015643506451924_n-768x646.jpg 768w, https:\/\/www.giurgiuveanul.ro\/stiri\/wp-content\/uploads\/2021\/02\/155076797_2933736836872150_7612015643506451924_n-400x336.jpg 400w, https:\/\/www.giurgiuveanul.ro\/stiri\/wp-content\/uploads\/2021\/02\/155076797_2933736836872150_7612015643506451924_n.jpg 837w\" sizes=\"auto, (max-width: 535px) 100vw, 535px\" \/><\/a>Potrivit informa\u0163iilor oferite de ISU Giurgiu, la ora 9:30, \u00een urma accidentului au<!--more--> rezultat:<\/p>\n<p>&#8211; dou\u0103 persoane decedate <em>(un b\u0103rbat, din Pope\u015fti Leordeni, \u015fi o femeie, din Giurgiu)<\/em><\/p>\n<p>&#8211; \u015fase persoane preluate de ambulan\u021be SAJ \u0219i SMURD \u0219i transportate la spitale din Bucure\u0219ti<\/p>\n<p>&#8211; o victim\u0103 preluat\u0103 de elicopterul SMURD \u0219i trasportat\u0103 la Spitalul Clinic de Urgen\u021b\u0103 Floreasca<\/p>\n<p>To\u021bi sunt b\u0103rba\u021bi.<\/p>\n<p>O persoan\u0103 refuz\u0103 transportul la spital.<\/p>\n","protected":false},"excerpt":{"rendered":"<p>Potrivit informa\u0163iilor oferite de ISU Giurgiu, la ora 9:30, \u00een urma accidentului au<\/p>\n","protected":false},"author":1,"featured_media":0,"comment_status":"open","ping_status":"open","sticky":false,"template":"","format":"standard","meta":{"footnotes":""},"categories":[6],"tags":[],"class_list":["post-77828","post","type-post","status-publish","format-standard","hentry","category-breaking-news"],"_links":{"self":[{"href":"https:\/\/www.giurgiuveanul.ro\/stiri\/wp-json\/wp\/v2\/posts\/77828","targetHints":{"allow":["GET"]}}],"collection":[{"href":"https:\/\/www.giurgiuveanul.ro\/stiri\/wp-json\/wp\/v2\/posts"}],"about":[{"href":"https:\/\/www.giurgiuveanul.ro\/stiri\/wp-json\/wp\/v2\/types\/post"}],"author":[{"embeddable":true,"href":"https:\/\/www.giurgiuveanul.ro\/stiri\/wp-json\/wp\/v2\/users\/1"}],"replies":[{"embeddable":true,"href":"https:\/\/www.giurgiuveanul.ro\/stiri\/wp-json\/wp\/v2\/comments?post=77828"}],"version-history":[{"count":0,"href":"https:\/\/www.giurgiuveanul.ro\/stiri\/wp-json\/wp\/v2\/posts\/77828\/revisions"}],"wp:attachment":[{"href":"https:\/\/www.giurgiuveanul.ro\/stiri\/wp-json\/wp\/v2\/media?parent=77828"}],"wp:term":[{"taxonomy":"category","embeddable":true,"href":"https:\/\/www.giurgiuveanul.ro\/stiri\/wp-json\/wp\/v2\/categories?post=77828"},{"taxonomy":"post_tag","embeddable":true,"href":"https:\/\/www.giurgiuveanul.ro\/stiri\/wp-json\/wp\/v2\/tags?post=77828"}],"curies":[{"name":"wp","href":"https:\/\/api.w.org\/{rel}","templated":true}]}}