{"id":77839,"date":"2021-02-26T11:54:35","date_gmt":"2021-02-26T09:54:35","guid":{"rendered":"https:\/\/www.giurgiuveanul.ro\/stiri\/?p=77839"},"modified":"2021-02-26T11:54:35","modified_gmt":"2021-02-26T09:54:35","slug":"isu-giurgiu-informatii-privind-incendiul-din-localitatea-branistea-foto","status":"publish","type":"post","link":"https:\/\/www.giurgiuveanul.ro\/stiri\/isu-giurgiu-informatii-privind-incendiul-din-localitatea-branistea-foto\/","title":{"rendered":"ISU Giurgiu, informa\u0163ii privind incendiul din localitatea Brani\u015ftea (FOTO)"},"content":{"rendered":"<p style=\"text-align: justify;\"><a href=\"https:\/\/www.giurgiuveanul.ro\/stiri\/wp-content\/uploads\/2021\/02\/IMG_1776.jpg\"><img loading=\"lazy\" decoding=\"async\" class=\"aligncenter size-large wp-image-77840\" src=\"https:\/\/www.giurgiuveanul.ro\/stiri\/wp-content\/uploads\/2021\/02\/IMG_1776-560x442.jpg\" alt=\"\" width=\"560\" height=\"442\" srcset=\"https:\/\/www.giurgiuveanul.ro\/stiri\/wp-content\/uploads\/2021\/02\/IMG_1776-560x442.jpg 560w, https:\/\/www.giurgiuveanul.ro\/stiri\/wp-content\/uploads\/2021\/02\/IMG_1776-250x197.jpg 250w, https:\/\/www.giurgiuveanul.ro\/stiri\/wp-content\/uploads\/2021\/02\/IMG_1776-768x606.jpg 768w, https:\/\/www.giurgiuveanul.ro\/stiri\/wp-content\/uploads\/2021\/02\/IMG_1776-400x316.jpg 400w, https:\/\/www.giurgiuveanul.ro\/stiri\/wp-content\/uploads\/2021\/02\/IMG_1776.jpg 800w\" sizes=\"auto, (max-width: 560px) 100vw, 560px\" \/><\/a><strong>Pompierii au constatat c\u0103<!--more--> incendiul se manifesta, cu flac\u0103r\u0103 deschis\u0103, \u00eentr-o anex\u0103 \u00een care era amenajat\u0103 o buc\u0103t\u0103rie de var\u0103 \u0219i la o parte din acoperi\u0219ul casei.<\/strong><\/p>\n<p><a href=\"https:\/\/www.giurgiuveanul.ro\/stiri\/wp-content\/uploads\/2021\/02\/IMG_1842.jpg\"><img loading=\"lazy\" decoding=\"async\" class=\"aligncenter size-large wp-image-77842\" src=\"https:\/\/www.giurgiuveanul.ro\/stiri\/wp-content\/uploads\/2021\/02\/IMG_1842-560x415.jpg\" alt=\"\" width=\"560\" height=\"415\" srcset=\"https:\/\/www.giurgiuveanul.ro\/stiri\/wp-content\/uploads\/2021\/02\/IMG_1842-560x415.jpg 560w, https:\/\/www.giurgiuveanul.ro\/stiri\/wp-content\/uploads\/2021\/02\/IMG_1842-250x185.jpg 250w, https:\/\/www.giurgiuveanul.ro\/stiri\/wp-content\/uploads\/2021\/02\/IMG_1842-768x569.jpg 768w, https:\/\/www.giurgiuveanul.ro\/stiri\/wp-content\/uploads\/2021\/02\/IMG_1842-400x297.jpg 400w, https:\/\/www.giurgiuveanul.ro\/stiri\/wp-content\/uploads\/2021\/02\/IMG_1842.jpg 800w\" sizes=\"auto, (max-width: 560px) 100vw, 560px\" \/><\/a> <a href=\"https:\/\/www.giurgiuveanul.ro\/stiri\/wp-content\/uploads\/2021\/02\/WhatsApp-Image-2021-02-18-at-15.40.12-5.jpeg\"><img loading=\"lazy\" decoding=\"async\" class=\"aligncenter size-large wp-image-77843\" src=\"https:\/\/www.giurgiuveanul.ro\/stiri\/wp-content\/uploads\/2021\/02\/WhatsApp-Image-2021-02-18-at-15.40.12-5-530x450.jpeg\" alt=\"\" width=\"530\" height=\"450\" srcset=\"https:\/\/www.giurgiuveanul.ro\/stiri\/wp-content\/uploads\/2021\/02\/WhatsApp-Image-2021-02-18-at-15.40.12-5-530x450.jpeg 530w, https:\/\/www.giurgiuveanul.ro\/stiri\/wp-content\/uploads\/2021\/02\/WhatsApp-Image-2021-02-18-at-15.40.12-5-250x212.jpeg 250w, https:\/\/www.giurgiuveanul.ro\/stiri\/wp-content\/uploads\/2021\/02\/WhatsApp-Image-2021-02-18-at-15.40.12-5-768x652.jpeg 768w, https:\/\/www.giurgiuveanul.ro\/stiri\/wp-content\/uploads\/2021\/02\/WhatsApp-Image-2021-02-18-at-15.40.12-5-400x340.jpeg 400w, https:\/\/www.giurgiuveanul.ro\/stiri\/wp-content\/uploads\/2021\/02\/WhatsApp-Image-2021-02-18-at-15.40.12-5.jpeg 800w\" sizes=\"auto, (max-width: 530px) 100vw, 530px\" \/><\/a><\/p>\n<p style=\"text-align: justify;\">A ars buc\u0103t\u0103ria de var\u0103 \u0219i acoperi\u0219ul casei, pe o suprafa\u021b\u0103 de aproximativ 30 mp. De asemenea, au fost afectate tavanul, pere\u021bii \u0219i mobilierul din buc\u0103t\u0103ria principal\u0103, precum \u0219i holul de la intrare.<\/p>\n<p style=\"text-align: justify;\">Cel mai probabil incendiul a fost provocat de sistemul de g\u0103tit nesupravegheat.<\/p>\n<p style=\"text-align: justify;\">\u00cen sprijinul pompierilor a intervenit \u0219i o cistern\u0103 de la Serviciul Voluntar pentru Situa\u021bii de Urgen\u021b\u0103 din localitate.<\/p>\n<p style=\"text-align: justify;\"><strong>Pentru prevenirea incendiilor, recomand\u0103m cet\u0103\u021benilor respectarea urm\u0103toarelor m\u0103suri:<\/strong><\/p>\n<p style=\"text-align: justify;\">&#8211; nu l\u0103sa\u0163i m\u00e2ncarea pe foc nesupravegheat\u0103. Lua\u0163i-o de la \u00eenc\u0103lzit dac\u0103 trebuie neap\u0103rat s\u0103 p\u0103r\u0103si\u0163i buc\u0103t\u0103ria pentru o perioad\u0103 \u00eendelungat\u0103, mai ales dac\u0103 s-ar putea ivi \u00eent\u00e2rzieri nea\u015fteptate;<\/p>\n<p style=\"text-align: justify;\">&#8211; dup\u0103 ce a\u0163i terminat de g\u0103tit asigura\u0163i-v\u0103 c\u0103 a\u0163i oprit cuptorul \u015fi aragazul;<\/p>\n<p style=\"text-align: justify;\">&#8211; nu l\u0103sa\u0163i copiii singuri \u00een buc\u0103t\u0103rie. P\u0103stra\u0163i chibriturile \u015fi brichetele acolo unde ace\u0219tia nu pot ajunge \u015fi amplasa\u0163i un dispozitiv de siguran\u0163\u0103 la u\u015fa de la cuptor;<\/p>\n<p style=\"text-align: justify;\">&#8211; cur\u0103\u0163a\u0163i \u015fi \u00eendep\u0103rta\u0163i depunerile de gr\u0103sime \u015fi resturi de m\u00e2ncare de pe aragazurile, plitele, pr\u0103jitoarele de p\u00e2ine \u015fi gr\u0103tarele din buc\u0103t\u0103rie, deoarece acestea pot lua foc destul de u\u015for.<\/p>\n<p style=\"text-align: justify;\">\u00cen urm\u0103 cu pu\u0163in timp s-a produs un incendiu la anexa unei case, \u00een localitatea Brani\u0219tea.<\/p>\n<p style=\"text-align: justify;\">La fa\u021ba locului s-au deplasat dou\u0103 autospeciale de stingere cu ap\u0103 \u0219i spum\u0103, un echipaj SMURD \u0219i o autospecial\u0103 de prim\u0103 interven\u021bie \u0219i comand\u0103<\/p>\n<p><a href=\"https:\/\/www.giurgiuveanul.ro\/stiri\/wp-content\/uploads\/2021\/02\/AA0A9416.jpg\"><img loading=\"lazy\" decoding=\"async\" class=\"aligncenter size-large wp-image-77841\" src=\"https:\/\/www.giurgiuveanul.ro\/stiri\/wp-content\/uploads\/2021\/02\/AA0A9416-560x342.jpg\" alt=\"\" width=\"560\" height=\"342\" srcset=\"https:\/\/www.giurgiuveanul.ro\/stiri\/wp-content\/uploads\/2021\/02\/AA0A9416-560x342.jpg 560w, https:\/\/www.giurgiuveanul.ro\/stiri\/wp-content\/uploads\/2021\/02\/AA0A9416-250x153.jpg 250w, https:\/\/www.giurgiuveanul.ro\/stiri\/wp-content\/uploads\/2021\/02\/AA0A9416-768x469.jpg 768w, https:\/\/www.giurgiuveanul.ro\/stiri\/wp-content\/uploads\/2021\/02\/AA0A9416-400x245.jpg 400w, https:\/\/www.giurgiuveanul.ro\/stiri\/wp-content\/uploads\/2021\/02\/AA0A9416.jpg 800w\" sizes=\"auto, (max-width: 560px) 100vw, 560px\" \/><\/a><\/p>\n","protected":false},"excerpt":{"rendered":"<p>Pompierii au constatat c\u0103<\/p>\n","protected":false},"author":1,"featured_media":0,"comment_status":"open","ping_status":"open","sticky":false,"template":"","format":"standard","meta":{"footnotes":""},"categories":[6],"tags":[],"class_list":["post-77839","post","type-post","status-publish","format-standard","hentry","category-breaking-news"],"_links":{"self":[{"href":"https:\/\/www.giurgiuveanul.ro\/stiri\/wp-json\/wp\/v2\/posts\/77839","targetHints":{"allow":["GET"]}}],"collection":[{"href":"https:\/\/www.giurgiuveanul.ro\/stiri\/wp-json\/wp\/v2\/posts"}],"about":[{"href":"https:\/\/www.giurgiuveanul.ro\/stiri\/wp-json\/wp\/v2\/types\/post"}],"author":[{"embeddable":true,"href":"https:\/\/www.giurgiuveanul.ro\/stiri\/wp-json\/wp\/v2\/users\/1"}],"replies":[{"embeddable":true,"href":"https:\/\/www.giurgiuveanul.ro\/stiri\/wp-json\/wp\/v2\/comments?post=77839"}],"version-history":[{"count":0,"href":"https:\/\/www.giurgiuveanul.ro\/stiri\/wp-json\/wp\/v2\/posts\/77839\/revisions"}],"wp:attachment":[{"href":"https:\/\/www.giurgiuveanul.ro\/stiri\/wp-json\/wp\/v2\/media?parent=77839"}],"wp:term":[{"taxonomy":"category","embeddable":true,"href":"https:\/\/www.giurgiuveanul.ro\/stiri\/wp-json\/wp\/v2\/categories?post=77839"},{"taxonomy":"post_tag","embeddable":true,"href":"https:\/\/www.giurgiuveanul.ro\/stiri\/wp-json\/wp\/v2\/tags?post=77839"}],"curies":[{"name":"wp","href":"https:\/\/api.w.org\/{rel}","templated":true}]}}