{"id":7785,"date":"2013-09-07T18:50:11","date_gmt":"2013-09-07T15:50:11","guid":{"rendered":"https:\/\/www.giurgiuveanul.ro\/stiri\/?p=7785"},"modified":"2013-09-07T19:12:25","modified_gmt":"2013-09-07T16:12:25","slug":"niculae-badalau-vasile-mustatea-nu-bulibasa-ca-sa-faca-stabor-in-consiliul-judetean-giurgiu","status":"publish","type":"post","link":"https:\/\/www.giurgiuveanul.ro\/stiri\/niculae-badalau-vasile-mustatea-nu-bulibasa-ca-sa-faca-stabor-in-consiliul-judetean-giurgiu\/","title":{"rendered":"Niculae B\u0103d\u0103l\u0103u: \u201cVasile Must\u0103\u0163ea nu e buliba\u015f\u0103 ca s\u0103 fac\u0103 stabor \u00een Consiliul Jude\u0163ean Giurgiu!&#8221;"},"content":{"rendered":"<p style=\"text-align: justify;\"><a href=\"https:\/\/www.giurgiuveanul.ro\/stiri\/wp-content\/uploads\/2013\/09\/Nicolae-Badalau-by-GIURGIUVEANUL.jpg\"><img loading=\"lazy\" decoding=\"async\" class=\"aligncenter size-large wp-image-7786\" alt=\"Nicolae Badalau by GIURGIUVEANUL\" src=\"https:\/\/www.giurgiuveanul.ro\/stiri\/wp-content\/uploads\/2013\/09\/Nicolae-Badalau-by-GIURGIUVEANUL-560x342.jpg\" width=\"560\" height=\"342\" srcset=\"https:\/\/www.giurgiuveanul.ro\/stiri\/wp-content\/uploads\/2013\/09\/Nicolae-Badalau-by-GIURGIUVEANUL-560x342.jpg 560w, https:\/\/www.giurgiuveanul.ro\/stiri\/wp-content\/uploads\/2013\/09\/Nicolae-Badalau-by-GIURGIUVEANUL-250x152.jpg 250w, https:\/\/www.giurgiuveanul.ro\/stiri\/wp-content\/uploads\/2013\/09\/Nicolae-Badalau-by-GIURGIUVEANUL-400x244.jpg 400w, https:\/\/www.giurgiuveanul.ro\/stiri\/wp-content\/uploads\/2013\/09\/Nicolae-Badalau-by-GIURGIUVEANUL.jpg 800w\" sizes=\"auto, (max-width: 560px) 100vw, 560px\" \/><\/a>Recentele atacuri ale pre\u015fedintelui CJ, Vasile Must\u0103\u0163ea, nu l-au l\u0103sat indiferent nici pe senatorul Niculae B\u0103d\u0103l\u0103u, liderul social-democra\u0163ilor giurgiuveni care, \u00eentr-o recent\u0103 conferin\u0163\u0103 de pres\u0103, a \u0163inut s\u0103 fac\u0103 anumite preciz\u0103ri necesare.<\/p>\n<p style=\"text-align: justify;\"><b>Atacul \u00eempotriva prefectului, atac \u00eempotriva institu\u0163iilor statului<\/b><\/p>\n<p style=\"text-align: justify;\"><em>\u201cPur \u015fi simplu<!--more--> \u00eei iau ap\u0103rarea doamnei prefect pentru c\u0103 eu cred c\u0103 institu\u0163iile statului nu trebuie atacate. \u015ei cei care le atac\u0103 la modul \u0103sta m\u00e2r\u015fav \u015fi cred c\u0103 fac o presiune pentru a lua o decizie sau alta se \u00een\u015feal\u0103. Doamna prefect trebuie s\u0103 \u00ee\u015fi fac\u0103 treaba cu to\u0163i la fel (\u2026). S\u0103 respecte legea, lucrurile s\u0103 func\u0163ioneze a\u015fa cum trebuie \u00een jude\u0163ul Giurgiu. Presiunile astea mediatice, cu am impresia c\u0103 prefecta face politic\u0103 nu-i face niciun fel de cinste lui Vasile Must\u0103\u0163ea. Ar trebui s\u0103 citeasc\u0103 Constitu\u0163ia \u015fi s\u0103 mai analizeze ce spune\u201d<\/em>, a precizat senatorul Niculae B\u0103d\u0103l\u0103u.<\/p>\n<p style=\"text-align: justify;\"><b>&#8222;Ciocu\u2019 mic!&#8221;<\/b><\/p>\n<p style=\"text-align: justify;\"><em>\u201cVizavi de schimbarea prefec\u0163ilor \u015fi a altora, nu le face dec\u00e2t premierul, care este pre\u015fedintele PSD-ului, Victor Ponta. Nu le face nici Vasile Must\u0103\u0163ea, nici Crin, nici al\u0163ii. A\u015fa c\u0103 s\u0103 stea lini\u015ftit, ciocu mic!, c\u0103 au 16 la sut\u0103. At\u00e2ta timp c\u00e2t eu voi fi pre\u015fedinte, PSD-ul nu va fi sub talpa lui Vasile Must\u0103\u0163ea\u201d<\/em>, a avertizat senatorul B\u0103d\u0103l\u0103u.<\/p>\n<p style=\"text-align: justify;\"><b>Noi nu gir\u0103m nedrept\u0103\u0163ile \u015fi nici incompeten\u0163a!<\/b><\/p>\n<p style=\"text-align: justify;\">\u00cen final, liderul social democrat giurgiuvean a mai men\u0163ionat: \u201c<em>A\u015fa cum spunea un consilier jude\u0163ean, domnul Constantin Buduru, el nu e buliba\u015f\u0103 s\u0103 fac\u0103 stabor acolo. El trebuie s\u0103 asculte p\u0103rerile la to\u0163i \u015fi s\u0103 dezvolte jude\u0163ul \u015fi s\u0103 respecte consilierii PSD (\u2026) C\u0103 el merge la Bucure\u015fti \u015fi se vait\u0103, e un lucru r\u0103u! Ar trebui s\u0103 stea \u00een jude\u0163 \u015fi s\u0103 fac\u0103 ceea ce trebuie pentru jude\u0163ul \u0103sta. Noi nu gir\u0103m nedrept\u0103\u0163ile f\u0103cute \u00een jude\u0163 \u015fi nici incompeten\u0163a!\u201d<\/em><\/p>\n","protected":false},"excerpt":{"rendered":"<p>Recentele atacuri ale pre\u015fedintelui CJ, Vasile Must\u0103\u0163ea, nu l-au l\u0103sat indiferent nici pe senatorul Niculae B\u0103d\u0103l\u0103u, liderul social-democra\u0163ilor giurgiuveni care, \u00eentr-o recent\u0103 conferin\u0163\u0103 de pres\u0103, a \u0163inut s\u0103 fac\u0103 anumite preciz\u0103ri necesare. Atacul \u00eempotriva prefectului, atac \u00eempotriva institu\u0163iilor statului \u201cPur \u015fi simplu<\/p>\n","protected":false},"author":2,"featured_media":0,"comment_status":"open","ping_status":"open","sticky":false,"template":"","format":"standard","meta":{"footnotes":""},"categories":[7],"tags":[],"class_list":["post-7785","post","type-post","status-publish","format-standard","hentry","category-latest-news"],"_links":{"self":[{"href":"https:\/\/www.giurgiuveanul.ro\/stiri\/wp-json\/wp\/v2\/posts\/7785","targetHints":{"allow":["GET"]}}],"collection":[{"href":"https:\/\/www.giurgiuveanul.ro\/stiri\/wp-json\/wp\/v2\/posts"}],"about":[{"href":"https:\/\/www.giurgiuveanul.ro\/stiri\/wp-json\/wp\/v2\/types\/post"}],"author":[{"embeddable":true,"href":"https:\/\/www.giurgiuveanul.ro\/stiri\/wp-json\/wp\/v2\/users\/2"}],"replies":[{"embeddable":true,"href":"https:\/\/www.giurgiuveanul.ro\/stiri\/wp-json\/wp\/v2\/comments?post=7785"}],"version-history":[{"count":0,"href":"https:\/\/www.giurgiuveanul.ro\/stiri\/wp-json\/wp\/v2\/posts\/7785\/revisions"}],"wp:attachment":[{"href":"https:\/\/www.giurgiuveanul.ro\/stiri\/wp-json\/wp\/v2\/media?parent=7785"}],"wp:term":[{"taxonomy":"category","embeddable":true,"href":"https:\/\/www.giurgiuveanul.ro\/stiri\/wp-json\/wp\/v2\/categories?post=7785"},{"taxonomy":"post_tag","embeddable":true,"href":"https:\/\/www.giurgiuveanul.ro\/stiri\/wp-json\/wp\/v2\/tags?post=7785"}],"curies":[{"name":"wp","href":"https:\/\/api.w.org\/{rel}","templated":true}]}}