{"id":77857,"date":"2021-02-26T19:33:03","date_gmt":"2021-02-26T17:33:03","guid":{"rendered":"https:\/\/www.giurgiuveanul.ro\/stiri\/?p=77857"},"modified":"2021-02-26T19:45:28","modified_gmt":"2021-02-26T17:45:28","slug":"ultima-ora-ipj-giurgiu-politistii-au-retinut-autorul-accidentului-rutier-de-la-calugareni","status":"publish","type":"post","link":"https:\/\/www.giurgiuveanul.ro\/stiri\/ultima-ora-ipj-giurgiu-politistii-au-retinut-autorul-accidentului-rutier-de-la-calugareni\/","title":{"rendered":"ULTIMA OR\u0102! IPJ Giurgiu: Poli\u0163i\u015ftii au re\u0163inut autorul accidentului rutier de la C\u0103lug\u0103reni!"},"content":{"rendered":"<p style=\"text-align: justify;\"><a href=\"https:\/\/www.giurgiuveanul.ro\/stiri\/wp-content\/uploads\/2021\/02\/0000-Ionut-Veres-2.jpg\"><img loading=\"lazy\" decoding=\"async\" class=\"aligncenter wp-image-77858\" src=\"https:\/\/www.giurgiuveanul.ro\/stiri\/wp-content\/uploads\/2021\/02\/0000-Ionut-Veres-2-531x450.jpg\" alt=\"\" width=\"561\" height=\"475\" srcset=\"https:\/\/www.giurgiuveanul.ro\/stiri\/wp-content\/uploads\/2021\/02\/0000-Ionut-Veres-2-531x450.jpg 531w, https:\/\/www.giurgiuveanul.ro\/stiri\/wp-content\/uploads\/2021\/02\/0000-Ionut-Veres-2-250x212.jpg 250w, https:\/\/www.giurgiuveanul.ro\/stiri\/wp-content\/uploads\/2021\/02\/0000-Ionut-Veres-2-768x650.jpg 768w, https:\/\/www.giurgiuveanul.ro\/stiri\/wp-content\/uploads\/2021\/02\/0000-Ionut-Veres-2-400x339.jpg 400w, https:\/\/www.giurgiuveanul.ro\/stiri\/wp-content\/uploads\/2021\/02\/0000-Ionut-Veres-2.jpg 900w\" sizes=\"auto, (max-width: 561px) 100vw, 561px\" \/><\/a>\u00cen aceast\u0103 diminea\u021b\u0103, la ora 07.15, pe D.N. 5, \u00een afara localit\u0103\u021bii C\u0103lug\u0103reni, jude\u021bul Giurgiu,<!--more--> a avut loc un eveniment rutier \u00een care au fost implicate dou\u0103 autovehicule, respectiv un autoturism \u0219i o autoutilitar\u0103, \u00een urma c\u0103ruia dou\u0103 persoane au decedat, respectiv un b\u0103rbat de 55 de ani, din municipiul Bucure\u0219ti, pasager \u00een autoutilitar\u0103 \u0219i o femeie de 47 de ani, din municipiul Giurgiu, pasager\u0103 \u00een autoturism.<\/p>\n<p style=\"text-align: justify;\">De asemenea, 6 persoane cu v\u00e2rste cuprinse \u00eentre 30 \u0219i 57 de ani au fost r\u0103nite \u0219i transportate la spital pentru acordarea de \u00eengrijiri medicale.<\/p>\n<p style=\"text-align: justify;\">\u00cen urma cercet\u0103rilor efectuate s-a constatat faptul c\u0103 un conduc\u0103tor auto de 21 de ani, din comuna C\u0103lug\u0103reni, jude\u021bul Giurgiu, a \u00eenc\u0103lcat marcajul longitudinal dublu continuu ce desparte sensurile de circula\u021bie \u0219i nu a acordat prioritate de trecere autoturismului implicat \u00een evenimentul rutier care, pentru a evita impactul cu acesta a p\u0103truns pe contrasens \u0219i a intrat \u00een coliziune cu autoutilitara.<\/p>\n<p style=\"text-align: justify;\">Dup\u0103 producerea evenimentului rutier, t\u00e2n\u0103rul de 21 de ani, a p\u0103r\u0103sit locului accidentului fata \u00eencuviin\u021barea organelor de poli\u021bie, fiind identificat ulterior de c\u0103tre poli\u021bi\u0219ti.<\/p>\n<p style=\"text-align: justify;\">Cei trei conduc\u0103tori auto implica\u021bi nu se aflau sub influen\u021ba b\u0103uturilor alcoolice.<\/p>\n<p style=\"text-align: justify;\">La data de 26 februarie a.c., Parchetul de pe l\u00e2ng\u0103 Judec\u0103toria Giurgiu a dispus continuarea urm\u0103ririi penale fa\u021b\u0103 de t\u00e2n\u0103rul, de 21 de ani, sub aspectul comiterii infrac\u021biunilor de ucidere din culp\u0103 \u0219i p\u0103r\u0103sirea locului accidentului f\u0103r\u0103 \u00eencuviin\u021barea organelor de poli\u021bie.<\/p>\n<p style=\"text-align: justify;\">Fa\u021b\u0103 de t\u00e2n\u0103rul \u00een cauz\u0103 s-a dispus m\u0103sura preventiv\u0103 a re\u021binerii pentru 24 de ore, urm\u00e2nd c\u0103 \u00een ziua de 27 februarie a.c., s\u0103 fie prezentat Parchetului de l\u00e2ng\u0103 Judec\u0103toria Giurgiu cu propunere legal\u0103.<\/p>\n<p style=\"text-align: justify;\">Ce-ar mai fi de ad\u0103ugat&#8230; faptul c\u0103<strong> un merit deosebit \u00een solu\u0163ionarea acestui caz l-a avut comisarul \u015fef Ionu\u0163 Vere\u015f <\/strong><em>(\u00een imaginea de sus)<\/em><strong>, un profesionist, fost ofi\u0163er cu cercetarea penal\u0103 \u00een cadrul Serviciului Rutier, actualmente \u015feful Biroului Rutier Drumuri Na\u0163ionale \u0219i Europene,<\/strong> pe care reporterii no\u015ftri l-au surprins \u00een momentul \u00een care aduce t\u00e2n\u0103rul vinovat de producerea accidentului, la sediul IPJ Giurgiu.<\/p>\n<p><strong>FOTO jos:<\/strong> <em>Autoturismul condus de t\u00e2n\u0103r \u00een imaginile surprinse de camerele de supraveghere.<\/em><\/p>\n<p><a href=\"https:\/\/www.giurgiuveanul.ro\/stiri\/wp-content\/uploads\/2021\/02\/154240446_424239205318484_96904556887446454_n.jpg\"><img loading=\"lazy\" decoding=\"async\" class=\"aligncenter size-large wp-image-77863\" src=\"https:\/\/www.giurgiuveanul.ro\/stiri\/wp-content\/uploads\/2021\/02\/154240446_424239205318484_96904556887446454_n-560x309.jpg\" alt=\"\" width=\"560\" height=\"309\" srcset=\"https:\/\/www.giurgiuveanul.ro\/stiri\/wp-content\/uploads\/2021\/02\/154240446_424239205318484_96904556887446454_n-560x309.jpg 560w, https:\/\/www.giurgiuveanul.ro\/stiri\/wp-content\/uploads\/2021\/02\/154240446_424239205318484_96904556887446454_n-250x138.jpg 250w, https:\/\/www.giurgiuveanul.ro\/stiri\/wp-content\/uploads\/2021\/02\/154240446_424239205318484_96904556887446454_n-768x423.jpg 768w, https:\/\/www.giurgiuveanul.ro\/stiri\/wp-content\/uploads\/2021\/02\/154240446_424239205318484_96904556887446454_n-400x220.jpg 400w, https:\/\/www.giurgiuveanul.ro\/stiri\/wp-content\/uploads\/2021\/02\/154240446_424239205318484_96904556887446454_n.jpg 931w\" sizes=\"auto, (max-width: 560px) 100vw, 560px\" \/><\/a><\/p>\n","protected":false},"excerpt":{"rendered":"<p>\u00cen aceast\u0103 diminea\u021b\u0103, la ora 07.15, pe D.N. 5, \u00een afara localit\u0103\u021bii C\u0103lug\u0103reni, jude\u021bul Giurgiu,<\/p>\n","protected":false},"author":1,"featured_media":0,"comment_status":"open","ping_status":"open","sticky":false,"template":"","format":"standard","meta":{"footnotes":""},"categories":[6],"tags":[],"class_list":["post-77857","post","type-post","status-publish","format-standard","hentry","category-breaking-news"],"_links":{"self":[{"href":"https:\/\/www.giurgiuveanul.ro\/stiri\/wp-json\/wp\/v2\/posts\/77857","targetHints":{"allow":["GET"]}}],"collection":[{"href":"https:\/\/www.giurgiuveanul.ro\/stiri\/wp-json\/wp\/v2\/posts"}],"about":[{"href":"https:\/\/www.giurgiuveanul.ro\/stiri\/wp-json\/wp\/v2\/types\/post"}],"author":[{"embeddable":true,"href":"https:\/\/www.giurgiuveanul.ro\/stiri\/wp-json\/wp\/v2\/users\/1"}],"replies":[{"embeddable":true,"href":"https:\/\/www.giurgiuveanul.ro\/stiri\/wp-json\/wp\/v2\/comments?post=77857"}],"version-history":[{"count":0,"href":"https:\/\/www.giurgiuveanul.ro\/stiri\/wp-json\/wp\/v2\/posts\/77857\/revisions"}],"wp:attachment":[{"href":"https:\/\/www.giurgiuveanul.ro\/stiri\/wp-json\/wp\/v2\/media?parent=77857"}],"wp:term":[{"taxonomy":"category","embeddable":true,"href":"https:\/\/www.giurgiuveanul.ro\/stiri\/wp-json\/wp\/v2\/categories?post=77857"},{"taxonomy":"post_tag","embeddable":true,"href":"https:\/\/www.giurgiuveanul.ro\/stiri\/wp-json\/wp\/v2\/tags?post=77857"}],"curies":[{"name":"wp","href":"https:\/\/api.w.org\/{rel}","templated":true}]}}