{"id":77875,"date":"2021-02-28T13:30:28","date_gmt":"2021-02-28T11:30:28","guid":{"rendered":"https:\/\/www.giurgiuveanul.ro\/stiri\/?p=77875"},"modified":"2021-02-28T13:30:28","modified_gmt":"2021-02-28T11:30:28","slug":"incendiu-intr-o-gospodarie-din-toporu-foto","status":"publish","type":"post","link":"https:\/\/www.giurgiuveanul.ro\/stiri\/incendiu-intr-o-gospodarie-din-toporu-foto\/","title":{"rendered":"Incendiu \u00eentr-o gospod\u0103rie din Toporu (FOTO)"},"content":{"rendered":"<p style=\"text-align: justify;\"><strong><a href=\"https:\/\/www.giurgiuveanul.ro\/stiri\/wp-content\/uploads\/2021\/02\/155822135_260664858843046_6324720997113107890_n.jpg\"><img loading=\"lazy\" decoding=\"async\" class=\"aligncenter size-large wp-image-77876\" src=\"https:\/\/www.giurgiuveanul.ro\/stiri\/wp-content\/uploads\/2021\/02\/155822135_260664858843046_6324720997113107890_n-560x428.jpg\" alt=\"\" width=\"560\" height=\"428\" srcset=\"https:\/\/www.giurgiuveanul.ro\/stiri\/wp-content\/uploads\/2021\/02\/155822135_260664858843046_6324720997113107890_n-560x428.jpg 560w, https:\/\/www.giurgiuveanul.ro\/stiri\/wp-content\/uploads\/2021\/02\/155822135_260664858843046_6324720997113107890_n-250x191.jpg 250w, https:\/\/www.giurgiuveanul.ro\/stiri\/wp-content\/uploads\/2021\/02\/155822135_260664858843046_6324720997113107890_n-768x588.jpg 768w, https:\/\/www.giurgiuveanul.ro\/stiri\/wp-content\/uploads\/2021\/02\/155822135_260664858843046_6324720997113107890_n-400x306.jpg 400w, https:\/\/www.giurgiuveanul.ro\/stiri\/wp-content\/uploads\/2021\/02\/155822135_260664858843046_6324720997113107890_n.jpg 1200w\" sizes=\"auto, (max-width: 560px) 100vw, 560px\" \/><\/a>Pompierii din cadrul Deta\u0219amentului Giurgiu<!--more--> au ac\u021bionat, ieri, pentru stingerea unui incendiu izbucnit \u00eentr-o gospod\u0103rie din localitatea Toporu. Interven\u021bia s-a desf\u0103\u0219urat \u00een sprijinul pompierilor din cadrul Punctului de Lucru Dr\u0103g\u0103ne\u0219ti Vla\u0219ca (ISU Teleorman).<\/strong><\/p>\n<p style=\"text-align: justify;\">\u00cen total, la fa\u021ba locului s-au deplasat dou\u0103 autospeciale de stingere cu ap\u0103 \u0219i spum\u0103, o autospecial\u0103 de prim\u0103 interven\u021bie \u0219i comand\u0103, o ambulan\u021b\u0103 SMURD \u0219i un echipaj SAJ.<\/p>\n<p style=\"text-align: justify;\">Focul se manifesta la nivelul acoperi\u0219ului, pe o suprafa\u021b\u0103 de aproximativ 80 mp, la un garaj \u0219i la bunurile dintr-o buc\u0103t\u0103rie, exist\u00e2nd pericol de extindere la \u00eentreaga locuin\u021b\u0103.<\/p>\n<p><a href=\"https:\/\/www.giurgiuveanul.ro\/stiri\/wp-content\/uploads\/2021\/02\/155483199_2816526101918769_1892022855859655590_n.jpg\"><img loading=\"lazy\" decoding=\"async\" class=\"aligncenter size-large wp-image-77877\" src=\"https:\/\/www.giurgiuveanul.ro\/stiri\/wp-content\/uploads\/2021\/02\/155483199_2816526101918769_1892022855859655590_n-560x344.jpg\" alt=\"\" width=\"560\" height=\"344\" srcset=\"https:\/\/www.giurgiuveanul.ro\/stiri\/wp-content\/uploads\/2021\/02\/155483199_2816526101918769_1892022855859655590_n-560x344.jpg 560w, https:\/\/www.giurgiuveanul.ro\/stiri\/wp-content\/uploads\/2021\/02\/155483199_2816526101918769_1892022855859655590_n-250x154.jpg 250w, https:\/\/www.giurgiuveanul.ro\/stiri\/wp-content\/uploads\/2021\/02\/155483199_2816526101918769_1892022855859655590_n-768x472.jpg 768w, https:\/\/www.giurgiuveanul.ro\/stiri\/wp-content\/uploads\/2021\/02\/155483199_2816526101918769_1892022855859655590_n-400x246.jpg 400w, https:\/\/www.giurgiuveanul.ro\/stiri\/wp-content\/uploads\/2021\/02\/155483199_2816526101918769_1892022855859655590_n.jpg 1200w\" sizes=\"auto, (max-width: 560px) 100vw, 560px\" \/><\/a><\/p>\n<p style=\"text-align: justify;\">Proprietara, o b\u0103tr\u00e2n\u0103 \u00een v\u00e2rst\u0103 de aproximativ 85 de ani, cu atac de panic\u0103, a fost preluat\u0103 de echipajul SAJ Giurgiu \u0219i transportat\u0103 la spital.<\/p>\n<p style=\"text-align: justify;\">Incendiul a fost stins \u00een limitele g\u0103site, dup\u0103 aproximativ o or\u0103 \u0219i jum\u0103tate, pompierii reu\u0219ind s\u0103 salveze restul casei de locuit \u0219i mai multe anexe gospod\u0103re\u0219ti.<\/p>\n<p style=\"text-align: justify;\">Cauza probabil\u0103 de producere a acestui incendiu a fost folosirea inten\u021bionat\u0103 a sursei de aprindere, motiv pentru care evenimentul a r\u0103mas \u00een aten\u021bia autorit\u0103\u021bilor competente pentru cercet\u0103ri.<\/p>\n","protected":false},"excerpt":{"rendered":"<p>Pompierii din cadrul Deta\u0219amentului Giurgiu<\/p>\n","protected":false},"author":1,"featured_media":0,"comment_status":"open","ping_status":"open","sticky":false,"template":"","format":"standard","meta":{"footnotes":""},"categories":[6],"tags":[],"class_list":["post-77875","post","type-post","status-publish","format-standard","hentry","category-breaking-news"],"_links":{"self":[{"href":"https:\/\/www.giurgiuveanul.ro\/stiri\/wp-json\/wp\/v2\/posts\/77875","targetHints":{"allow":["GET"]}}],"collection":[{"href":"https:\/\/www.giurgiuveanul.ro\/stiri\/wp-json\/wp\/v2\/posts"}],"about":[{"href":"https:\/\/www.giurgiuveanul.ro\/stiri\/wp-json\/wp\/v2\/types\/post"}],"author":[{"embeddable":true,"href":"https:\/\/www.giurgiuveanul.ro\/stiri\/wp-json\/wp\/v2\/users\/1"}],"replies":[{"embeddable":true,"href":"https:\/\/www.giurgiuveanul.ro\/stiri\/wp-json\/wp\/v2\/comments?post=77875"}],"version-history":[{"count":0,"href":"https:\/\/www.giurgiuveanul.ro\/stiri\/wp-json\/wp\/v2\/posts\/77875\/revisions"}],"wp:attachment":[{"href":"https:\/\/www.giurgiuveanul.ro\/stiri\/wp-json\/wp\/v2\/media?parent=77875"}],"wp:term":[{"taxonomy":"category","embeddable":true,"href":"https:\/\/www.giurgiuveanul.ro\/stiri\/wp-json\/wp\/v2\/categories?post=77875"},{"taxonomy":"post_tag","embeddable":true,"href":"https:\/\/www.giurgiuveanul.ro\/stiri\/wp-json\/wp\/v2\/tags?post=77875"}],"curies":[{"name":"wp","href":"https:\/\/api.w.org\/{rel}","templated":true}]}}