{"id":77901,"date":"2021-02-28T19:17:58","date_gmt":"2021-02-28T17:17:58","guid":{"rendered":"https:\/\/www.giurgiuveanul.ro\/stiri\/?p=77901"},"modified":"2021-02-28T19:17:58","modified_gmt":"2021-02-28T17:17:58","slug":"tanarul-acuzat-de-carnagiul-de-la-calugareni-a-fost-eliberat-el-va-fi-cercetat-sub-control-judiciar","status":"publish","type":"post","link":"https:\/\/www.giurgiuveanul.ro\/stiri\/tanarul-acuzat-de-carnagiul-de-la-calugareni-a-fost-eliberat-el-va-fi-cercetat-sub-control-judiciar\/","title":{"rendered":"T\u00e2n\u0103rul acuzat de carnagiul de la C\u0103lug\u0103reni a fost eliberat. El va fi cercetat sub control judiciar"},"content":{"rendered":"<p style=\"text-align: justify;\"><strong><a href=\"https:\/\/www.giurgiuveanul.ro\/stiri\/wp-content\/uploads\/2021\/02\/154493595_480576016267911_2384548731475890094_n.jpg\"><img loading=\"lazy\" decoding=\"async\" class=\"aligncenter size-large wp-image-77807\" src=\"https:\/\/www.giurgiuveanul.ro\/stiri\/wp-content\/uploads\/2021\/02\/154493595_480576016267911_2384548731475890094_n-560x258.jpg\" alt=\"\" width=\"560\" height=\"258\" srcset=\"https:\/\/www.giurgiuveanul.ro\/stiri\/wp-content\/uploads\/2021\/02\/154493595_480576016267911_2384548731475890094_n-560x258.jpg 560w, https:\/\/www.giurgiuveanul.ro\/stiri\/wp-content\/uploads\/2021\/02\/154493595_480576016267911_2384548731475890094_n-250x115.jpg 250w, https:\/\/www.giurgiuveanul.ro\/stiri\/wp-content\/uploads\/2021\/02\/154493595_480576016267911_2384548731475890094_n-768x354.jpg 768w, https:\/\/www.giurgiuveanul.ro\/stiri\/wp-content\/uploads\/2021\/02\/154493595_480576016267911_2384548731475890094_n-1536x708.jpg 1536w, https:\/\/www.giurgiuveanul.ro\/stiri\/wp-content\/uploads\/2021\/02\/154493595_480576016267911_2384548731475890094_n-400x185.jpg 400w, https:\/\/www.giurgiuveanul.ro\/stiri\/wp-content\/uploads\/2021\/02\/154493595_480576016267911_2384548731475890094_n.jpg 1600w\" sizes=\"auto, (max-width: 560px) 100vw, 560px\" \/><\/a>T\u00e2n\u0103rul giurgiuvean, de 21 de ani,<!--more--> va fi cercetat sub control judiciar \u00een dosarul de trafic de de ucidere din culp\u0103 \u0219i p\u0103r\u0103sirea locului accidentului f\u0103r\u0103 \u00eencuviin\u021barea organelor de poli\u021bie pentru care a fost re\u021binut 24 de ore. M\u0103sura a fost dispus\u0103 pentru 60 de zile.<\/strong><\/p>\n<p style=\"text-align: justify;\">A\u015fa dup\u0103 cum v-am mai informat, la data de 26 februarie a.c., Parchetul de pe l\u00e2ng\u0103 Judec\u0103toria Giurgiu a dispus continuarea urm\u0103ririi penale fa\u021b\u0103 de t\u00e2n\u0103rul, de 21 de ani, sub aspectul comiterii infrac\u021biunilor de ucidere din culp\u0103 \u0219i p\u0103r\u0103sirea locului accidentului f\u0103r\u0103 \u00eencuviin\u021barea organelor de poli\u021bie.<\/p>\n<p style=\"text-align: justify;\">Fa\u021b\u0103 de t\u00e2n\u0103rul \u00een cauz\u0103, s-a dispus atunci m\u0103sura preventiv\u0103 a re\u021binerii pentru 24 de ore, urm\u00e2nd c\u0103 \u00een ziua de 27 februarie a.c., s\u0103 fie prezentat Parchetului de l\u00e2ng\u0103 Judec\u0103toria Giurgiu cu propunere legal\u0103.<\/p>\n<p style=\"text-align: justify;\">Ieri Parchetul a decis cercetarea sa sub control judiciar \u00een dosarul pentru care a fost re\u021binut 24 de ore \u0219i dus la audieri. M\u0103sura a fost dispus\u0103 pentru 60 de zile.<\/p>\n","protected":false},"excerpt":{"rendered":"<p>T\u00e2n\u0103rul giurgiuvean, de 21 de ani,<\/p>\n","protected":false},"author":1,"featured_media":0,"comment_status":"open","ping_status":"open","sticky":false,"template":"","format":"standard","meta":{"footnotes":""},"categories":[6],"tags":[],"class_list":["post-77901","post","type-post","status-publish","format-standard","hentry","category-breaking-news"],"_links":{"self":[{"href":"https:\/\/www.giurgiuveanul.ro\/stiri\/wp-json\/wp\/v2\/posts\/77901","targetHints":{"allow":["GET"]}}],"collection":[{"href":"https:\/\/www.giurgiuveanul.ro\/stiri\/wp-json\/wp\/v2\/posts"}],"about":[{"href":"https:\/\/www.giurgiuveanul.ro\/stiri\/wp-json\/wp\/v2\/types\/post"}],"author":[{"embeddable":true,"href":"https:\/\/www.giurgiuveanul.ro\/stiri\/wp-json\/wp\/v2\/users\/1"}],"replies":[{"embeddable":true,"href":"https:\/\/www.giurgiuveanul.ro\/stiri\/wp-json\/wp\/v2\/comments?post=77901"}],"version-history":[{"count":0,"href":"https:\/\/www.giurgiuveanul.ro\/stiri\/wp-json\/wp\/v2\/posts\/77901\/revisions"}],"wp:attachment":[{"href":"https:\/\/www.giurgiuveanul.ro\/stiri\/wp-json\/wp\/v2\/media?parent=77901"}],"wp:term":[{"taxonomy":"category","embeddable":true,"href":"https:\/\/www.giurgiuveanul.ro\/stiri\/wp-json\/wp\/v2\/categories?post=77901"},{"taxonomy":"post_tag","embeddable":true,"href":"https:\/\/www.giurgiuveanul.ro\/stiri\/wp-json\/wp\/v2\/tags?post=77901"}],"curies":[{"name":"wp","href":"https:\/\/api.w.org\/{rel}","templated":true}]}}