{"id":77903,"date":"2021-02-28T19:55:12","date_gmt":"2021-02-28T17:55:12","guid":{"rendered":"https:\/\/www.giurgiuveanul.ro\/stiri\/?p=77903"},"modified":"2021-02-28T19:56:01","modified_gmt":"2021-02-28T17:56:01","slug":"28-februarie-ziua-protectiei-civile-din-romania","status":"publish","type":"post","link":"https:\/\/www.giurgiuveanul.ro\/stiri\/28-februarie-ziua-protectiei-civile-din-romania\/","title":{"rendered":"28 februarie &#8211; Ziua Protec\u0163iei Civile din Rom\u00e2nia"},"content":{"rendered":"<p style=\"text-align: justify;\"><a href=\"https:\/\/www.giurgiuveanul.ro\/stiri\/wp-content\/uploads\/2021\/02\/thumbnail-1.jpg\"><img loading=\"lazy\" decoding=\"async\" class=\"aligncenter wp-image-77904\" src=\"https:\/\/www.giurgiuveanul.ro\/stiri\/wp-content\/uploads\/2021\/02\/thumbnail-1-450x450.jpg\" alt=\"\" width=\"563\" height=\"563\" srcset=\"https:\/\/www.giurgiuveanul.ro\/stiri\/wp-content\/uploads\/2021\/02\/thumbnail-1-450x450.jpg 450w, https:\/\/www.giurgiuveanul.ro\/stiri\/wp-content\/uploads\/2021\/02\/thumbnail-1-250x250.jpg 250w, https:\/\/www.giurgiuveanul.ro\/stiri\/wp-content\/uploads\/2021\/02\/thumbnail-1-768x768.jpg 768w, https:\/\/www.giurgiuveanul.ro\/stiri\/wp-content\/uploads\/2021\/02\/thumbnail-1-200x200.jpg 200w, https:\/\/www.giurgiuveanul.ro\/stiri\/wp-content\/uploads\/2021\/02\/thumbnail-1-400x400.jpg 400w, https:\/\/www.giurgiuveanul.ro\/stiri\/wp-content\/uploads\/2021\/02\/thumbnail-1.jpg 1080w\" sizes=\"auto, (max-width: 563px) 100vw, 563px\" \/><\/a>Inspectoratul pentru Situa\u0163ii de Urgen\u0163\u0103 \u201eVla\u0219ca\u201d al Jude\u0163ului Giurgiu<!--more--> \u00eembrac\u0103, de dou\u0103 ori pe an, haina de s\u0103rb\u0103toare &#8211; pe<strong> 28 Februarie<\/strong> &#8211; <strong>Ziua Protec<\/strong><strong>\u0163iei Civile din Rom\u00e2nia <\/strong>\u015fi pe <strong>13 Septembrie &#8211;\u00a0 Ziua Pompierilor din Rom\u00e2nia.<\/strong><\/p>\n<p style=\"text-align: justify;\"><strong><em>\u00a0<\/em><\/strong>Este singura institu\u0163ie cu dubl\u0103 aniversare, iar particularitatea a ap\u0103rut \u00een urm\u0103 cu 17 ani, c\u00e2nd s-a \u00eenfiin\u0163at Inspectoratul pentru Situa\u0163ii de Urgen\u0163\u0103, prin fuzionarea Grupului de Pompieri \u201eVla\u0219ca\u201d al jude\u021bului Giurgiu cu Inspectoratul Jude\u021bean de Protec\u021bie Civil\u0103.<\/p>\n<p style=\"text-align: justify;\">\u00a0\u00a0\u00a0\u00a0\u00a0\u00a0\u00a0\u00a0\u00a0 \u00a0\u00a0\u00a0\u00a0\u00a0\u00a0\u00a0\u00a0 Ast\u0103zi se \u00eemplinesc 88 de ani de la legiferarea primelor activit\u0103\u0163i de protec\u0163ie civil\u0103 din Rom\u00e2nia. Este data la care, \u00een anul 1933, prin Decret Regal, a fost aprobat \u201cRegulamentul de func\u0163ionare a Ap\u0103r\u0103rii Pasive contra atacurilor aeriene\u201d, av\u00e2nd ca scop \u201es\u0103 limiteze efectele bombardamentelor aeriene asupra popula\u0163iei \u015fi resurselor teritoriului, fie asigur\u00e2ndu-le protec\u0163ia direct\u0103, fie mic\u015for\u00e2nd eficacitatea atacurilor\u201d.<\/p>\n<p style=\"text-align: justify;\">De-a lungul timpului, conceptul de protec\u0163ie civil\u0103 a evoluat de la \u201eap\u0103rare pasiv\u0103\u201d la \u201eap\u0103rare local\u0103 antiaerian\u0103\u201d, \u00een 1952, apoi la \u201eap\u0103rare civil\u0103\u201d, \u00een 1978 \u015fi la \u201eprotec\u0163ie civil\u0103\u201d, \u00een 1994.<\/p>\n<p style=\"text-align: justify;\">Numit\u0103 \u015fi <strong>ARMA VIE\u0162II<\/strong>, sub motto-ul <strong>\u201cCu via\u0163a mea ap\u0103r via\u0163a\u201d<\/strong>, <strong>Protec\u0163ia Civil\u0103<\/strong> este o component\u0103 a ap\u0103r\u0103rii na\u0163ionale ce cuprinde un complex de m\u0103suri pentru ocrotirea popula\u0163iei, a bunurilor materiale \u00een caz de r\u0103zboi, calamit\u0103\u0163i sau catastrofe, asigur\u00e2nd condi\u0163iile necesare supravie\u0163uirii acestora.<\/p>\n<p style=\"text-align: justify;\">Ast\u0103zi, atribu\u0163iile protec\u0163iei civile sunt \u00eendeplinite de Inspectoratul Jude\u021bean pentru Situa\u021bii de Urgen\u021b\u0103 \u015fi se refer\u0103 la:<\/p>\n<ul style=\"text-align: justify;\">\n<li>identificarea riscurilor existente \u00een diferite zone;<\/li>\n<li>informarea \u015fi preg\u0103tirea preventiv\u0103 a popula\u0163iei cu privire la pericolele la care este expus\u0103 \u015fi regulile de comportare;<\/li>\n<li>organizarea interven\u0163iei \u00een situa\u0163ii de urgen\u0163\u0103;<\/li>\n<li>alarmarea popula\u0163iei despre iminen\u0163a pericolului;<\/li>\n<li>\u00eenl\u0103turarea efectelor negative ale dezastrelor;<\/li>\n<li>asanarea teritoriului de muni\u0163ia r\u0103mas\u0103 neexplodat\u0103 din timpul conflictelor armate etc.<\/li>\n<\/ul>\n<p style=\"text-align: justify;\">Deviza \u201cCu via\u0163a mea ap\u0103r via\u0163a\u201d a r\u0103mas \u00eenscris\u0103 \u00een tradi\u0163ia armei \u0219i a fost onorat\u0103, pe parcursul celor 88 de ani de existen\u0163\u0103, prin misiunile dificile menite s\u0103 asigure, \u00een mod unitar \u015fi profesionist, ap\u0103rarea vie\u0163ii \u015fi s\u0103n\u0103t\u0103\u0163ii popula\u0163iei, a mediului \u00eenconjur\u0103tor, a valorilor materiale \u015fi culturale importante pe timpul producerii unor situa\u0163ii de urgen\u0163\u0103.<\/p>\n<p style=\"text-align: justify;\">La mul\u021bi ani tuturor pompierilor \u0219i celor care activeaz\u0103 \u00een structurile de protec\u021bie civil\u0103!<\/p>\n<p style=\"text-align: center;\"><em><strong>Compartimentul Informare \u0219i Rela\u021bii Publice<\/strong><\/em><\/p>\n","protected":false},"excerpt":{"rendered":"<p>Inspectoratul pentru Situa\u0163ii de Urgen\u0163\u0103 \u201eVla\u0219ca\u201d al Jude\u0163ului Giurgiu<\/p>\n","protected":false},"author":1,"featured_media":0,"comment_status":"open","ping_status":"open","sticky":false,"template":"","format":"standard","meta":{"footnotes":""},"categories":[8],"tags":[],"class_list":["post-77903","post","type-post","status-publish","format-standard","hentry","category-alert-news"],"_links":{"self":[{"href":"https:\/\/www.giurgiuveanul.ro\/stiri\/wp-json\/wp\/v2\/posts\/77903","targetHints":{"allow":["GET"]}}],"collection":[{"href":"https:\/\/www.giurgiuveanul.ro\/stiri\/wp-json\/wp\/v2\/posts"}],"about":[{"href":"https:\/\/www.giurgiuveanul.ro\/stiri\/wp-json\/wp\/v2\/types\/post"}],"author":[{"embeddable":true,"href":"https:\/\/www.giurgiuveanul.ro\/stiri\/wp-json\/wp\/v2\/users\/1"}],"replies":[{"embeddable":true,"href":"https:\/\/www.giurgiuveanul.ro\/stiri\/wp-json\/wp\/v2\/comments?post=77903"}],"version-history":[{"count":0,"href":"https:\/\/www.giurgiuveanul.ro\/stiri\/wp-json\/wp\/v2\/posts\/77903\/revisions"}],"wp:attachment":[{"href":"https:\/\/www.giurgiuveanul.ro\/stiri\/wp-json\/wp\/v2\/media?parent=77903"}],"wp:term":[{"taxonomy":"category","embeddable":true,"href":"https:\/\/www.giurgiuveanul.ro\/stiri\/wp-json\/wp\/v2\/categories?post=77903"},{"taxonomy":"post_tag","embeddable":true,"href":"https:\/\/www.giurgiuveanul.ro\/stiri\/wp-json\/wp\/v2\/tags?post=77903"}],"curies":[{"name":"wp","href":"https:\/\/api.w.org\/{rel}","templated":true}]}}