{"id":77935,"date":"2021-03-01T18:25:49","date_gmt":"2021-03-01T16:25:49","guid":{"rendered":"https:\/\/www.giurgiuveanul.ro\/stiri\/?p=77935"},"modified":"2021-03-01T18:26:01","modified_gmt":"2021-03-01T16:26:01","slug":"un-tanar-giurgiuvean-beat-la-volan-si-cu-permisul-suspendat-tras-pe-dreapta-de-politisti","status":"publish","type":"post","link":"https:\/\/www.giurgiuveanul.ro\/stiri\/un-tanar-giurgiuvean-beat-la-volan-si-cu-permisul-suspendat-tras-pe-dreapta-de-politisti\/","title":{"rendered":"Un t\u00e2n\u0103r giurgiuvean beat la volan \u0219i cu permisul suspendat, tras pe dreapta de poli\u021bi\u0219ti"},"content":{"rendered":"<p style=\"text-align: justify;\"><strong><a href=\"https:\/\/www.giurgiuveanul.ro\/stiri\/wp-content\/uploads\/2021\/03\/alcool-la-volan.jpg\"><img loading=\"lazy\" decoding=\"async\" class=\"aligncenter  wp-image-77936\" src=\"https:\/\/www.giurgiuveanul.ro\/stiri\/wp-content\/uploads\/2021\/03\/alcool-la-volan-560x438.jpg\" alt=\"\" width=\"570\" height=\"446\" srcset=\"https:\/\/www.giurgiuveanul.ro\/stiri\/wp-content\/uploads\/2021\/03\/alcool-la-volan-560x438.jpg 560w, https:\/\/www.giurgiuveanul.ro\/stiri\/wp-content\/uploads\/2021\/03\/alcool-la-volan-250x196.jpg 250w, https:\/\/www.giurgiuveanul.ro\/stiri\/wp-content\/uploads\/2021\/03\/alcool-la-volan-768x601.jpg 768w, https:\/\/www.giurgiuveanul.ro\/stiri\/wp-content\/uploads\/2021\/03\/alcool-la-volan-400x313.jpg 400w, https:\/\/www.giurgiuveanul.ro\/stiri\/wp-content\/uploads\/2021\/03\/alcool-la-volan.jpg 800w\" sizes=\"auto, (max-width: 570px) 100vw, 570px\" \/><\/a>Lucr\u0103tori din cadrul Poli\u021biei<!--more--> ora\u0219 Bolintin Vale au depistat \u00een trafic un t\u00e2n\u0103r, de 24 de ani, din satul Malu Spart, jude\u021bul Giurgiu, \u00een timp ce conducea un autoturism, afl\u00e2ndu-se sub influen\u021ba b\u0103uturilor alcoolice.<\/strong><\/p>\n<p style=\"text-align: justify;\">Conduc\u0103torul auto a fost testat cu aparatul etilotest care a indicat o alcoolemie de<strong> 0,95 mg\/l alcool pur \u00een aerul expirat<\/strong>, fiind condus la spital pentru prelevarea de probe de s\u00e2nge \u00een vederea stabilirii alcoolemie.<\/p>\n<p style=\"text-align: justify;\">De asemenea, \u00een urma verific\u0103rilor, s-a constatat faptul c\u0103 t\u00e2n\u0103rul \u00een cauz\u0103 <strong>avea dreptul de a conduce suspendat<\/strong>.<\/p>\n<p style=\"text-align: justify;\">A fost \u00eentocmit <strong>dosar penal pentru s\u0103v\u00e2r\u0219irea infrac\u021biunilor de conducere a unui vehicul av\u00e2nd dreptul de a conduce suspendat \u0219i conducere a unui vehicul sub influen\u021ba alcoolului sau a altor substan\u021be<\/strong>.<\/p>\n","protected":false},"excerpt":{"rendered":"<p>Lucr\u0103tori din cadrul Poli\u021biei<\/p>\n","protected":false},"author":1,"featured_media":0,"comment_status":"open","ping_status":"open","sticky":false,"template":"","format":"standard","meta":{"footnotes":""},"categories":[6],"tags":[],"class_list":["post-77935","post","type-post","status-publish","format-standard","hentry","category-breaking-news"],"_links":{"self":[{"href":"https:\/\/www.giurgiuveanul.ro\/stiri\/wp-json\/wp\/v2\/posts\/77935","targetHints":{"allow":["GET"]}}],"collection":[{"href":"https:\/\/www.giurgiuveanul.ro\/stiri\/wp-json\/wp\/v2\/posts"}],"about":[{"href":"https:\/\/www.giurgiuveanul.ro\/stiri\/wp-json\/wp\/v2\/types\/post"}],"author":[{"embeddable":true,"href":"https:\/\/www.giurgiuveanul.ro\/stiri\/wp-json\/wp\/v2\/users\/1"}],"replies":[{"embeddable":true,"href":"https:\/\/www.giurgiuveanul.ro\/stiri\/wp-json\/wp\/v2\/comments?post=77935"}],"version-history":[{"count":0,"href":"https:\/\/www.giurgiuveanul.ro\/stiri\/wp-json\/wp\/v2\/posts\/77935\/revisions"}],"wp:attachment":[{"href":"https:\/\/www.giurgiuveanul.ro\/stiri\/wp-json\/wp\/v2\/media?parent=77935"}],"wp:term":[{"taxonomy":"category","embeddable":true,"href":"https:\/\/www.giurgiuveanul.ro\/stiri\/wp-json\/wp\/v2\/categories?post=77935"},{"taxonomy":"post_tag","embeddable":true,"href":"https:\/\/www.giurgiuveanul.ro\/stiri\/wp-json\/wp\/v2\/tags?post=77935"}],"curies":[{"name":"wp","href":"https:\/\/api.w.org\/{rel}","templated":true}]}}