{"id":77978,"date":"2021-03-02T19:19:41","date_gmt":"2021-03-02T17:19:41","guid":{"rendered":"https:\/\/www.giurgiuveanul.ro\/stiri\/?p=77978"},"modified":"2021-03-02T19:20:18","modified_gmt":"2021-03-02T17:20:18","slug":"comitetul-judetean-pentru-situatii-de-urgenta-suspendarea-cursurilor-pentru-o-perioada-de-14-zile-in-urmatoarele-unitati-de-invatamant-din-judetul-giurgiu","status":"publish","type":"post","link":"https:\/\/www.giurgiuveanul.ro\/stiri\/comitetul-judetean-pentru-situatii-de-urgenta-suspendarea-cursurilor-pentru-o-perioada-de-14-zile-in-urmatoarele-unitati-de-invatamant-din-judetul-giurgiu\/","title":{"rendered":"Comitetul Jude\u021bean pentru Situa\u021bii de Urgen\u021b\u0103, suspendarea cursurilor pentru o perioad\u0103 de 14 zile \u00een urm\u0103toarele unit\u0103\u021bi de \u00eenv\u0103\u021b\u0103m\u00e2nt din jude\u021bul Giurgiu"},"content":{"rendered":"<p style=\"text-align: justify;\"><a href=\"https:\/\/www.giurgiuveanul.ro\/stiri\/wp-content\/uploads\/2021\/02\/0000-Prefectura-Giurgiu.jpg\"><img loading=\"lazy\" decoding=\"async\" class=\"aligncenter  wp-image-77846\" src=\"https:\/\/www.giurgiuveanul.ro\/stiri\/wp-content\/uploads\/2021\/02\/0000-Prefectura-Giurgiu-560x375.jpg\" alt=\"\" width=\"579\" height=\"388\" srcset=\"https:\/\/www.giurgiuveanul.ro\/stiri\/wp-content\/uploads\/2021\/02\/0000-Prefectura-Giurgiu-560x375.jpg 560w, https:\/\/www.giurgiuveanul.ro\/stiri\/wp-content\/uploads\/2021\/02\/0000-Prefectura-Giurgiu-250x167.jpg 250w, https:\/\/www.giurgiuveanul.ro\/stiri\/wp-content\/uploads\/2021\/02\/0000-Prefectura-Giurgiu-768x514.jpg 768w, https:\/\/www.giurgiuveanul.ro\/stiri\/wp-content\/uploads\/2021\/02\/0000-Prefectura-Giurgiu-400x268.jpg 400w, https:\/\/www.giurgiuveanul.ro\/stiri\/wp-content\/uploads\/2021\/02\/0000-Prefectura-Giurgiu.jpg 800w\" sizes=\"auto, (max-width: 579px) 100vw, 579px\" \/><\/a>Comitetul Jude\u021bean pentru Situa\u021bii de Urgen\u021b\u0103 Giurgiu, \u00eentrunit ast\u0103zi, 02.03.2021, \u00een \u0219edin\u021b\u0103<!--more--> online, a aprobat suspendarea cursurilor pentru o perioad\u0103 de 14 zile \u00een urm\u0103toarele unit\u0103\u021bi de \u00eenv\u0103\u021b\u0103m\u00e2nt din jude\u021bul Giurgiu:<\/p>\n<p style=\"text-align: justify;\">&#8211; \u015ecoala Gimnazial\u0103 nr. 1 St\u0103ne\u015fti \u2013 pentru toate clasele;<\/p>\n<p style=\"text-align: justify;\">&#8211; \u015ecoala Gimnazial\u0103 nr. 1 Izvoarele \u2013 pentru toate clasele;<\/p>\n<p style=\"text-align: justify;\">&#8211; \u015ecoala Gimnazial\u0103 nr. 3 Comana \u2013 pentru toate clasele.<\/p>\n<p style=\"text-align: justify;\">\u00a0<strong>\u00a0\u00a0\u00a0\u00a0\u00a0\u00a0 <\/strong>Pentru aceste unit\u0103\u0163i de \u00eenv\u0103\u0163\u0103m\u00e2nt\u00a0 procesul de \u00eenv\u0103\u0163\u0103m\u00e2nt continu\u0103 \u00een sistem online.<\/p>\n<p style=\"text-align: justify;\">\u00a0\u00a0\u00a0\u00a0\u00a0\u00a0\u00a0 La nivelul unit\u0103\u021bilor de \u00eenv\u0103\u021b\u0103m\u00e2nt men\u021bionate, situa\u021bia persoanelor infectate cu noul coronavirus este urm\u0103toarea:<\/p>\n<p style=\"text-align: justify;\">&#8211; \u015ecoala Gimnazial\u0103 nr. 1 St\u0103ne\u015fti \u2013 3 cadre didactice;<\/p>\n<p style=\"text-align: justify;\">&#8211; \u015ecoala Gimnazial\u0103 nr. 1 Izvoarele \u2013 3 cadre didactice;<\/p>\n<p style=\"text-align: justify;\">&#8211; \u015ecoala Gimnazial\u0103 nr. 3 Comana \u2013 3 cadre didactice.<\/p>\n<p style=\"text-align: justify;\"><strong>\u00a0\u00a0\u00a0\u00a0\u00a0\u00a0\u00a0 <\/strong>\u00cen perioada de suspendare a cursurilor cu prezen\u0163\u0103 fizic\u0103, pentru unit\u0103\u0163ile de \u00eenv\u0103\u0163\u0103m\u00e2nt mai-sus enumerate, conducerea unit\u0103\u0163ii\/institu\u0163iei de \u00eenv\u0103\u0163\u0103m\u00e2nt va dispune realizarea cur\u0103\u0163eniei \u015fi aerisirii claselor\/s\u0103lilor, precum \u015fi dezinfec\u0163ia general\u0103 \u015fi nebulizarea spa\u0163iilor unit\u0103\u0163ii\/institu\u0163iei de \u00eenv\u0103\u0163\u0103m\u00e2nt, respectiv clase, s\u0103li, holuri, toalete.<\/p>\n<p style=\"text-align: justify;\"><strong>\u00a0\u00a0\u00a0\u00a0\u00a0\u00a0\u00a0 <\/strong>Reluarea cursurilor care presupun prezen\u0163a fizic\u0103 pentru unit\u0103\u0163ile de \u00eenv\u0103\u0163\u0103m\u00e2nt \u00een cauz\u0103 se dispune prin hot\u0103r\u00e2rea Comitetului jude\u0163ean pentru situa\u0163ii de urgen\u0163\u0103 Giurgiu, la propunerea conducerii unit\u0103\u0163ii de \u00eenv\u0103\u0163\u0103m\u00e2nt.<\/p>\n<p style=\"text-align: justify;\">Biroul de Pres\u0103 al Institu\u021biei Prefectului Jude\u021bul Giurgiu<\/p>\n","protected":false},"excerpt":{"rendered":"<p>Comitetul Jude\u021bean pentru Situa\u021bii de Urgen\u021b\u0103 Giurgiu, \u00eentrunit ast\u0103zi, 02.03.2021, \u00een \u0219edin\u021b\u0103<\/p>\n","protected":false},"author":1,"featured_media":0,"comment_status":"open","ping_status":"open","sticky":false,"template":"","format":"standard","meta":{"footnotes":""},"categories":[6],"tags":[],"class_list":["post-77978","post","type-post","status-publish","format-standard","hentry","category-breaking-news"],"_links":{"self":[{"href":"https:\/\/www.giurgiuveanul.ro\/stiri\/wp-json\/wp\/v2\/posts\/77978","targetHints":{"allow":["GET"]}}],"collection":[{"href":"https:\/\/www.giurgiuveanul.ro\/stiri\/wp-json\/wp\/v2\/posts"}],"about":[{"href":"https:\/\/www.giurgiuveanul.ro\/stiri\/wp-json\/wp\/v2\/types\/post"}],"author":[{"embeddable":true,"href":"https:\/\/www.giurgiuveanul.ro\/stiri\/wp-json\/wp\/v2\/users\/1"}],"replies":[{"embeddable":true,"href":"https:\/\/www.giurgiuveanul.ro\/stiri\/wp-json\/wp\/v2\/comments?post=77978"}],"version-history":[{"count":0,"href":"https:\/\/www.giurgiuveanul.ro\/stiri\/wp-json\/wp\/v2\/posts\/77978\/revisions"}],"wp:attachment":[{"href":"https:\/\/www.giurgiuveanul.ro\/stiri\/wp-json\/wp\/v2\/media?parent=77978"}],"wp:term":[{"taxonomy":"category","embeddable":true,"href":"https:\/\/www.giurgiuveanul.ro\/stiri\/wp-json\/wp\/v2\/categories?post=77978"},{"taxonomy":"post_tag","embeddable":true,"href":"https:\/\/www.giurgiuveanul.ro\/stiri\/wp-json\/wp\/v2\/tags?post=77978"}],"curies":[{"name":"wp","href":"https:\/\/api.w.org\/{rel}","templated":true}]}}