{"id":77993,"date":"2021-03-03T09:30:39","date_gmt":"2021-03-03T07:30:39","guid":{"rendered":"https:\/\/www.giurgiuveanul.ro\/stiri\/?p=77993"},"modified":"2021-03-03T09:30:55","modified_gmt":"2021-03-03T07:30:55","slug":"doi-barbati-din-kosovo-au-incercat-sa-intre-ilegal-in-romania-ajutati-de-doi-cetateni-romani","status":"publish","type":"post","link":"https:\/\/www.giurgiuveanul.ro\/stiri\/doi-barbati-din-kosovo-au-incercat-sa-intre-ilegal-in-romania-ajutati-de-doi-cetateni-romani\/","title":{"rendered":"Doi b\u0103rba\u0163i din Kosovo au \u00eencercat s\u0103 intre ilegal \u00een Rom\u00e2nia, ajuta\u0163i de doi cet\u0103\u0163eni rom\u00e2ni"},"content":{"rendered":"<p style=\"text-align: justify;\"><em><a href=\"https:\/\/www.giurgiuveanul.ro\/stiri\/wp-content\/uploads\/2021\/03\/1614595382192-10477-S4.jpg\"><img loading=\"lazy\" decoding=\"async\" class=\"aligncenter  wp-image-77994\" src=\"https:\/\/www.giurgiuveanul.ro\/stiri\/wp-content\/uploads\/2021\/03\/1614595382192-10477-S4-560x336.jpg\" alt=\"\" width=\"575\" height=\"345\" srcset=\"https:\/\/www.giurgiuveanul.ro\/stiri\/wp-content\/uploads\/2021\/03\/1614595382192-10477-S4-560x336.jpg 560w, https:\/\/www.giurgiuveanul.ro\/stiri\/wp-content\/uploads\/2021\/03\/1614595382192-10477-S4-250x150.jpg 250w, https:\/\/www.giurgiuveanul.ro\/stiri\/wp-content\/uploads\/2021\/03\/1614595382192-10477-S4-768x461.jpg 768w, https:\/\/www.giurgiuveanul.ro\/stiri\/wp-content\/uploads\/2021\/03\/1614595382192-10477-S4-400x240.jpg 400w, https:\/\/www.giurgiuveanul.ro\/stiri\/wp-content\/uploads\/2021\/03\/1614595382192-10477-S4.jpg 1200w\" sizes=\"auto, (max-width: 575px) 100vw, 575px\" \/><\/a>Poli\u021bi\u0219tii de frontier\u0103 din cadrul Punctului de Trecere a Frontierei Giurgiu<!--more--> au depistat doi cet\u0103\u021beni kosovari, care au \u00eencercat s\u0103 intre ilegal \u00een Rom\u00e2nia, pe jos. Dup\u0103 ce au fost depista\u0163i, ace\u015ftia s-au legitimat cu documente de identitate poloneze<\/em>,<em> false,<\/em> potrivit purt\u0103torului de cuv\u00e2nt al ITPF Giurgiu, <strong>inspector principal Roxana Popazu<\/strong>.<\/p>\n<p style=\"text-align: justify;\">\u00cen data de 27.02.2021, \u00een jurul orei 17.00, la Punctul de Trecere a Frontierei Giurgiu Rutier, poli\u021bi\u0219tii de frontier\u0103 giurgiuveni au observat, la aproximativ 200m de intrarea \u00een \u0163ar\u0103, \u00een zona \u00eemp\u0103durit\u0103 din apropierea <strong>Podului Prieteniei<\/strong>, dou\u0103 persoane de sex b\u0103rb\u0103tesc, care au cobor\u00e2t dintr-un autoturism \u0219i care se deplasau, \u00een alergare, spre teritoriul \u0163\u0103rii noastre.<\/p>\n<p style=\"text-align: justify;\">Lucr\u0103torii no\u015ftri i-au oprit \u015fi legitimat, ace\u015ftia prezent\u00e2nd documente de identitate care aveau \u00eensemnele autorit\u0103\u0163ilor poloneze.<\/p>\n<p><a href=\"https:\/\/www.giurgiuveanul.ro\/stiri\/wp-content\/uploads\/2021\/03\/1614595381256-10478-S4.jpg\"><img loading=\"lazy\" decoding=\"async\" class=\"aligncenter size-large wp-image-77995\" src=\"https:\/\/www.giurgiuveanul.ro\/stiri\/wp-content\/uploads\/2021\/03\/1614595381256-10478-S4-560x336.jpg\" alt=\"\" width=\"560\" height=\"336\" srcset=\"https:\/\/www.giurgiuveanul.ro\/stiri\/wp-content\/uploads\/2021\/03\/1614595381256-10478-S4-560x336.jpg 560w, https:\/\/www.giurgiuveanul.ro\/stiri\/wp-content\/uploads\/2021\/03\/1614595381256-10478-S4-250x150.jpg 250w, https:\/\/www.giurgiuveanul.ro\/stiri\/wp-content\/uploads\/2021\/03\/1614595381256-10478-S4-768x461.jpg 768w, https:\/\/www.giurgiuveanul.ro\/stiri\/wp-content\/uploads\/2021\/03\/1614595381256-10478-S4-400x240.jpg 400w, https:\/\/www.giurgiuveanul.ro\/stiri\/wp-content\/uploads\/2021\/03\/1614595381256-10478-S4.jpg 1200w\" sizes=\"auto, (max-width: 560px) 100vw, 560px\" \/><\/a><\/p>\n<p style=\"text-align: justify;\">Exist\u00e2nd suspiciuni cu privire la condi\u021biile de form\u0103 \u0219i fond ale documentelor prezentate, poli\u021bi\u0219tii de frontier\u0103 au condus persoanele \u00een cauz\u0103 la sediul Punctului de Trecere a Frontierei Giurgiu, unde au stabilit c\u0103 ace\u0219tia sunt de fapt din Kosovo.<\/p>\n<p style=\"text-align: justify;\">Totodat\u0103, a fost identificat autoturismul din care au cobor\u00e2t cei doi b\u0103rba\u0163i, care era condus de un cet\u0103\u021bean rom\u00e2n, \u00eenso\u021bit de un b\u0103rbat, tot cet\u0103\u021bean rom\u00e2n.<\/p>\n<p style=\"text-align: justify;\">Cei doi rom\u00e2ni au declarat poli\u021bi\u0219tilor de frontier\u0103 c\u0103 cet\u0103\u021benii str\u0103ini le-au solicitat sprijin pentru a fi transporta\u021bi p\u00e2n\u0103 la frontiera bulgaro-rom\u00e2n\u0103, \u00een schimbul sumei de 100 de euro.<\/p>\n<p style=\"text-align: justify;\">Poli\u021bi\u0219tii de frontier\u0103 au procedat la \u00eentreruperea c\u0103l\u0103toriei celor doi str\u0103ini, iar conform protocolului rom\u00e2no-bulgar privind controlul comun la trecerea frontierei de stat, ace\u0219tia au fost prelua\u021bi de c\u0103tre autorit\u0103\u021bile bulgare \u00een vederea continu\u0103rii cercet\u0103rilor \u0219i dispunerii m\u0103surilor legale ce se impun.<\/p>\n<p style=\"text-align: justify;\">\u00cen cauz\u0103 se efectueaz\u0103 cercet\u0103ri fa\u021b\u0103 de cet\u0103\u021benii rom\u00e2ni pentru s\u0103v\u00e2r\u0219irea infrac\u021biunii de <em>complicitate la trecerea frauduloas\u0103 a frontierei de stat<\/em>, iar fa\u021b\u0103 de cei doi migran\u021bi pentru sav\u00e2r\u0219irea infrac\u021bunilor de <em>fals material \u00een \u00eenscrisuri oficiale<\/em> \u0219i <em>tentativ\u0103 de trecere frauduloas\u0103 a frontierei de stat<\/em>.<\/p>\n","protected":false},"excerpt":{"rendered":"<p>Poli\u021bi\u0219tii de frontier\u0103 din cadrul Punctului de Trecere a Frontierei Giurgiu<\/p>\n","protected":false},"author":1,"featured_media":0,"comment_status":"open","ping_status":"open","sticky":false,"template":"","format":"standard","meta":{"footnotes":""},"categories":[6],"tags":[],"class_list":["post-77993","post","type-post","status-publish","format-standard","hentry","category-breaking-news"],"_links":{"self":[{"href":"https:\/\/www.giurgiuveanul.ro\/stiri\/wp-json\/wp\/v2\/posts\/77993","targetHints":{"allow":["GET"]}}],"collection":[{"href":"https:\/\/www.giurgiuveanul.ro\/stiri\/wp-json\/wp\/v2\/posts"}],"about":[{"href":"https:\/\/www.giurgiuveanul.ro\/stiri\/wp-json\/wp\/v2\/types\/post"}],"author":[{"embeddable":true,"href":"https:\/\/www.giurgiuveanul.ro\/stiri\/wp-json\/wp\/v2\/users\/1"}],"replies":[{"embeddable":true,"href":"https:\/\/www.giurgiuveanul.ro\/stiri\/wp-json\/wp\/v2\/comments?post=77993"}],"version-history":[{"count":0,"href":"https:\/\/www.giurgiuveanul.ro\/stiri\/wp-json\/wp\/v2\/posts\/77993\/revisions"}],"wp:attachment":[{"href":"https:\/\/www.giurgiuveanul.ro\/stiri\/wp-json\/wp\/v2\/media?parent=77993"}],"wp:term":[{"taxonomy":"category","embeddable":true,"href":"https:\/\/www.giurgiuveanul.ro\/stiri\/wp-json\/wp\/v2\/categories?post=77993"},{"taxonomy":"post_tag","embeddable":true,"href":"https:\/\/www.giurgiuveanul.ro\/stiri\/wp-json\/wp\/v2\/tags?post=77993"}],"curies":[{"name":"wp","href":"https:\/\/api.w.org\/{rel}","templated":true}]}}