{"id":78014,"date":"2021-03-03T20:07:20","date_gmt":"2021-03-03T18:07:20","guid":{"rendered":"https:\/\/www.giurgiuveanul.ro\/stiri\/?p=78014"},"modified":"2021-03-03T20:07:20","modified_gmt":"2021-03-03T18:07:20","slug":"ionut-ciprian-alexandru-noul-subprefect-al-judetului-giurgiu","status":"publish","type":"post","link":"https:\/\/www.giurgiuveanul.ro\/stiri\/ionut-ciprian-alexandru-noul-subprefect-al-judetului-giurgiu\/","title":{"rendered":"Ionu\u021b-Ciprian Alexandru, noul subprefect al jude\u021bului Giurgiu"},"content":{"rendered":"<p style=\"text-align: justify;\"><a href=\"https:\/\/www.giurgiuveanul.ro\/stiri\/wp-content\/uploads\/2021\/03\/153506238_2936952013209280_1758118707314526396_o.jpg\"><img loading=\"lazy\" decoding=\"async\" class=\"aligncenter  wp-image-78015\" src=\"https:\/\/www.giurgiuveanul.ro\/stiri\/wp-content\/uploads\/2021\/03\/153506238_2936952013209280_1758118707314526396_o-450x450.jpg\" alt=\"\" width=\"567\" height=\"567\" srcset=\"https:\/\/www.giurgiuveanul.ro\/stiri\/wp-content\/uploads\/2021\/03\/153506238_2936952013209280_1758118707314526396_o-450x450.jpg 450w, https:\/\/www.giurgiuveanul.ro\/stiri\/wp-content\/uploads\/2021\/03\/153506238_2936952013209280_1758118707314526396_o-250x250.jpg 250w, https:\/\/www.giurgiuveanul.ro\/stiri\/wp-content\/uploads\/2021\/03\/153506238_2936952013209280_1758118707314526396_o-200x200.jpg 200w, https:\/\/www.giurgiuveanul.ro\/stiri\/wp-content\/uploads\/2021\/03\/153506238_2936952013209280_1758118707314526396_o-400x400.jpg 400w, https:\/\/www.giurgiuveanul.ro\/stiri\/wp-content\/uploads\/2021\/03\/153506238_2936952013209280_1758118707314526396_o.jpg 526w\" sizes=\"auto, (max-width: 567px) 100vw, 567px\" \/><\/a>\u00cencep\u00e2nd de<!--more--> m\u00e2ine, 4 martie, \u00een urma semn\u0103rii de c\u0103tre premierul C\u00e2\u021bu, intr\u0103 \u00een vigoare Hot\u0103r\u00e2rea de <em>\u201c\u00eencetare a exercit\u0103rii, cu caracter temporar, \u00een condi\u021biile legii, a func\u021biei publice de subprefect al jude\u021bului Giurgiu de c\u0103tre domnul Mirel-Drago\u0219 Br\u0103garu\u201d<\/em>, dup\u0103 cum se arat\u0103 \u00een documentul publicat \u00een Monitorul Oficial cu num\u0103rul 209\/03.03.2021.<\/p>\n<p style=\"text-align: justify;\"><strong>Noul subprefect de Giurgiu<\/strong> a fost numit, prin aceea\u015fi hot\u0103r\u00e2re de Guvern, <strong>domnul Ionu\u0163-Ciprian Alexandru<\/strong>.<\/p>\n<p style=\"text-align: justify;\"><em>\u201cNumirea are loc \u00een contextul prezen\u021bei USR PLUS \u00een consiliile locale giurgiuvene unde, se pare, deja \u00eencep s\u0103 scoat\u0103 la iveal\u0103 o parte din problemele existente \u00een prim\u0103rii: angaj\u0103ri f\u0103r\u0103 concurs, contracte atribuite preferen\u021bial, \u00eempiedicarea transparentiz\u0103rii administra\u021biei locale etc&#8221;,<\/em> a postat site-ul USR Giurgiu. <em>&#8222;Sper\u0103m ca aceast\u0103 numire s\u0103 contribuie la solu\u021bionarea problemelor din administra\u021bia local\u0103, la stoparea vechilor practici legate de cheltuirea iresponsabil\u0103 a banului public \u0219i la restabilirea \u00eencrederii \u00een institu\u021biile giurgiuvene\u201d.<\/em><\/p>\n<p style=\"text-align: justify;\"><em>\u00cei ur\u0103m succes \u00een mandatul de subprefect!<\/em><\/p>\n","protected":false},"excerpt":{"rendered":"<p>\u00cencep\u00e2nd de<\/p>\n","protected":false},"author":1,"featured_media":0,"comment_status":"open","ping_status":"open","sticky":false,"template":"","format":"standard","meta":{"footnotes":""},"categories":[8],"tags":[],"class_list":["post-78014","post","type-post","status-publish","format-standard","hentry","category-alert-news"],"_links":{"self":[{"href":"https:\/\/www.giurgiuveanul.ro\/stiri\/wp-json\/wp\/v2\/posts\/78014","targetHints":{"allow":["GET"]}}],"collection":[{"href":"https:\/\/www.giurgiuveanul.ro\/stiri\/wp-json\/wp\/v2\/posts"}],"about":[{"href":"https:\/\/www.giurgiuveanul.ro\/stiri\/wp-json\/wp\/v2\/types\/post"}],"author":[{"embeddable":true,"href":"https:\/\/www.giurgiuveanul.ro\/stiri\/wp-json\/wp\/v2\/users\/1"}],"replies":[{"embeddable":true,"href":"https:\/\/www.giurgiuveanul.ro\/stiri\/wp-json\/wp\/v2\/comments?post=78014"}],"version-history":[{"count":0,"href":"https:\/\/www.giurgiuveanul.ro\/stiri\/wp-json\/wp\/v2\/posts\/78014\/revisions"}],"wp:attachment":[{"href":"https:\/\/www.giurgiuveanul.ro\/stiri\/wp-json\/wp\/v2\/media?parent=78014"}],"wp:term":[{"taxonomy":"category","embeddable":true,"href":"https:\/\/www.giurgiuveanul.ro\/stiri\/wp-json\/wp\/v2\/categories?post=78014"},{"taxonomy":"post_tag","embeddable":true,"href":"https:\/\/www.giurgiuveanul.ro\/stiri\/wp-json\/wp\/v2\/tags?post=78014"}],"curies":[{"name":"wp","href":"https:\/\/api.w.org\/{rel}","templated":true}]}}