{"id":78034,"date":"2021-03-04T20:17:03","date_gmt":"2021-03-04T18:17:03","guid":{"rendered":"https:\/\/www.giurgiuveanul.ro\/stiri\/?p=78034"},"modified":"2021-03-04T20:17:38","modified_gmt":"2021-03-04T18:17:38","slug":"whatsapp-apeluri-audio-si-video-la-noua-versiune-de-desktop","status":"publish","type":"post","link":"https:\/\/www.giurgiuveanul.ro\/stiri\/whatsapp-apeluri-audio-si-video-la-noua-versiune-de-desktop\/","title":{"rendered":"WhatsApp. Apeluri audio \u015fi video la noua versiune de desktop"},"content":{"rendered":"<p style=\"text-align: justify;\"><strong><a href=\"https:\/\/www.giurgiuveanul.ro\/stiri\/wp-content\/uploads\/2021\/03\/00000-images.jpg\"><img loading=\"lazy\" decoding=\"async\" class=\"aligncenter wp-image-78035\" src=\"https:\/\/www.giurgiuveanul.ro\/stiri\/wp-content\/uploads\/2021\/03\/00000-images.jpg\" alt=\"\" width=\"601\" height=\"337\" srcset=\"https:\/\/www.giurgiuveanul.ro\/stiri\/wp-content\/uploads\/2021\/03\/00000-images.jpg 300w, https:\/\/www.giurgiuveanul.ro\/stiri\/wp-content\/uploads\/2021\/03\/00000-images-250x140.jpg 250w\" sizes=\"auto, (max-width: 601px) 100vw, 601px\" \/><\/a>Noua versiune de desktop a aplica\u021biei WhatsApp permite<!--more--> utilizatorilor s\u0103 realizeze apeluri audio \u0219i video. Ace\u0219tia au avut parte de un preview limitat, ini\u021biat \u00een luna decembrie, \u00eens\u0103 acum va deveni definitiv.<\/strong><\/p>\n<p style=\"text-align: justify;\">WhatsApp a activat joi func\u0163ia de comunicare video \u015fi audio pentru desktop, disponibil\u0103 acum \u00een cadrul aplica\u0163iilor de Windows \u015fi Mac. Lansarea face parte din \u00eencercarea produc\u0103torului de a mai diminua din diferen\u0163ele majore de func\u0163ionalitate existente \u00eentre aplica\u0163iile mobile \u015fi cele de desktop, \u00een defavoarea celor din urm\u0103.<\/p>\n<p style=\"text-align: justify;\">Apelurile audio \u015fi video f\u0103cute cu versiunea de desktop vor fi criptate, la fel ca cele ini\u0163iate de pe dispozitivele mobile, iar WhatsApp nu scap\u0103 prilejul de a aminti acest lucru, mai ales dup\u0103 ce a pierdut mai multe milioane de utilizatori, ca urmare a modific\u0103rii politicilor privind gestionarea datelor personale.<\/p>\n<p style=\"text-align: justify;\">Dac\u0103 la finele anului trecut a avut loc o pre-lansare, \u00een care s-a dat acces unui num\u0103r limitat de utilizatori, acum to\u0163i utilizatorii WhatsApp au, sau vor avea c\u00e2t de cur\u00e2nd, acces la noile facilit\u0103\u0163i.<\/p>\n<p style=\"text-align: justify;\">Marea limitare vine din faptul c\u0103, cel pu\u0163in la \u00eenceput, se pot realiza apeluri audio \u015fi video pe desktop doar \u00eentre dou\u0103 persoane, lipsind suportul pentru grupurile de utilizatori.<\/p>\n<p style=\"text-align: justify;\">WhatsApp promite, \u00eens\u0103, c\u0103 va oferi suport \u015fi pentru grupuri, la un moment dat, \u00eens\u0103 nu \u00eenainteaz\u0103 o dat\u0103 m\u0103car aproximativ \u00een acest sens.<\/p>\n<p style=\"text-align: justify;\">Facebook are \u00een plan realizarea interoperabilit\u0103\u0163ii \u00eentre cele trei servicii de comunicare pe care le de\u0163ine, Messenger, WhatsApp \u015fi Instagram Direct, iar primii pa\u015fi au fost deja f\u0103cu\u0163i, c\u00e2nd, cel pu\u0163in \u00een anumite regiuni, a fost introdus\u0103 posibilitatea trimiterii \u015fi primirii mesajelor \u00eentre Messenger \u015fi Instagram. Din planurile pentru aceast\u0103 interoperabilitate face parte \u015fi componenta de desktop a WhatsApp.<\/p>\n","protected":false},"excerpt":{"rendered":"<p>Noua versiune de desktop a aplica\u021biei WhatsApp permite<\/p>\n","protected":false},"author":1,"featured_media":0,"comment_status":"open","ping_status":"open","sticky":false,"template":"","format":"standard","meta":{"footnotes":""},"categories":[8],"tags":[],"class_list":["post-78034","post","type-post","status-publish","format-standard","hentry","category-alert-news"],"_links":{"self":[{"href":"https:\/\/www.giurgiuveanul.ro\/stiri\/wp-json\/wp\/v2\/posts\/78034","targetHints":{"allow":["GET"]}}],"collection":[{"href":"https:\/\/www.giurgiuveanul.ro\/stiri\/wp-json\/wp\/v2\/posts"}],"about":[{"href":"https:\/\/www.giurgiuveanul.ro\/stiri\/wp-json\/wp\/v2\/types\/post"}],"author":[{"embeddable":true,"href":"https:\/\/www.giurgiuveanul.ro\/stiri\/wp-json\/wp\/v2\/users\/1"}],"replies":[{"embeddable":true,"href":"https:\/\/www.giurgiuveanul.ro\/stiri\/wp-json\/wp\/v2\/comments?post=78034"}],"version-history":[{"count":0,"href":"https:\/\/www.giurgiuveanul.ro\/stiri\/wp-json\/wp\/v2\/posts\/78034\/revisions"}],"wp:attachment":[{"href":"https:\/\/www.giurgiuveanul.ro\/stiri\/wp-json\/wp\/v2\/media?parent=78034"}],"wp:term":[{"taxonomy":"category","embeddable":true,"href":"https:\/\/www.giurgiuveanul.ro\/stiri\/wp-json\/wp\/v2\/categories?post=78034"},{"taxonomy":"post_tag","embeddable":true,"href":"https:\/\/www.giurgiuveanul.ro\/stiri\/wp-json\/wp\/v2\/tags?post=78034"}],"curies":[{"name":"wp","href":"https:\/\/api.w.org\/{rel}","templated":true}]}}