{"id":78039,"date":"2021-03-04T20:27:19","date_gmt":"2021-03-04T18:27:19","guid":{"rendered":"https:\/\/www.giurgiuveanul.ro\/stiri\/?p=78039"},"modified":"2021-03-04T20:27:19","modified_gmt":"2021-03-04T18:27:19","slug":"primaria-giurgiu-anunt-important-incepe-o-noua-etapa-de-distribuire-a-pachetelor-alimentare-si-de-igiena-de-la-uniunea-europeana","status":"publish","type":"post","link":"https:\/\/www.giurgiuveanul.ro\/stiri\/primaria-giurgiu-anunt-important-incepe-o-noua-etapa-de-distribuire-a-pachetelor-alimentare-si-de-igiena-de-la-uniunea-europeana\/","title":{"rendered":"Prim\u0103ria Giurgiu, ANUN\u0162 IMPORTANT. \u00cencepe o nou\u0103 etap\u0103 de distribuire a pachetelor alimentare \u0219i de igien\u0103 de la Uniunea European\u0103"},"content":{"rendered":"<p style=\"text-align: justify;\"><a href=\"https:\/\/www.giurgiuveanul.ro\/stiri\/wp-content\/uploads\/2021\/03\/156549315_1793407144154166_7039847654232025615_o.jpg\"><img loading=\"lazy\" decoding=\"async\" class=\"aligncenter size-large wp-image-78040\" src=\"https:\/\/www.giurgiuveanul.ro\/stiri\/wp-content\/uploads\/2021\/03\/156549315_1793407144154166_7039847654232025615_o-560x374.jpg\" alt=\"\" width=\"560\" height=\"374\" srcset=\"https:\/\/www.giurgiuveanul.ro\/stiri\/wp-content\/uploads\/2021\/03\/156549315_1793407144154166_7039847654232025615_o-560x374.jpg 560w, https:\/\/www.giurgiuveanul.ro\/stiri\/wp-content\/uploads\/2021\/03\/156549315_1793407144154166_7039847654232025615_o-250x167.jpg 250w, https:\/\/www.giurgiuveanul.ro\/stiri\/wp-content\/uploads\/2021\/03\/156549315_1793407144154166_7039847654232025615_o-768x512.jpg 768w, https:\/\/www.giurgiuveanul.ro\/stiri\/wp-content\/uploads\/2021\/03\/156549315_1793407144154166_7039847654232025615_o-400x267.jpg 400w, https:\/\/www.giurgiuveanul.ro\/stiri\/wp-content\/uploads\/2021\/03\/156549315_1793407144154166_7039847654232025615_o.jpg 1024w\" sizes=\"auto, (max-width: 560px) 100vw, 560px\" \/><\/a>Prim\u0103ria municipiului Giurgiu<!--more--> prin Direc\u021bia de Asisten\u021b\u0103 Social\u0103 Giurgiu a recep\u021bionat recent, 2844 de pachete alimentare \u0219i de igien\u0103 de la Uniunea European\u0103, care vor fi distribuite giurgiuvenilor ce fac parte din categoriile defavorizate.<\/p>\n<p style=\"text-align: justify;\">Distribuirea va fi realizat\u0103, \u00eencep\u00e2nd cu data de 4 martie 2021, pentru beneficiarii venitului minim garantat (ajutor social) \u0219i beneficiarii aloca\u021biilor pentru sus\u021binerea familiei, astfel:<\/p>\n<p style=\"text-align: justify;\">\ud83d\udcccLoca\u021bie \u2013 Pia\u021ba de Pe\u0219te (Aleea Plantelor);<\/p>\n<p style=\"text-align: justify;\">\ud83d\udcccInterval orar 08:00-15:30;<\/p>\n<p style=\"text-align: justify;\">\ud83d\udcccAta\u0219at copiei c\u0103r\u021bii de identitate a titularului, beneficiarii aloca\u021biilor pentru sus\u021binerea familiei trebuie s\u0103 prezinte copii ale documentelor de identitate ale membrilor familiei, respectiv certificat de na\u0219tere sau carte de identitate, dup\u0103 caz.<\/p>\n<p style=\"text-align: justify;\">\u2705\u00cencep\u00e2nd cu data de 15 martie, \u00eencepe distribuirea pachetelor pentru persoanele cu handicap grav \u0219i accentuat (gradul I \u0219i II).<\/p>\n<p style=\"text-align: justify;\">\ud83d\udcccLoca\u021bia \u0219i intervalul orar r\u0103m\u00e2n neschimbate, iar beneficiarii trebuie s\u0103 se prezinte cu o copie a certificatului de \u00eencadrare \u00een gradul de handicap, document ce va r\u0103m\u00e2ne la dosar.<\/p>\n","protected":false},"excerpt":{"rendered":"<p>Prim\u0103ria municipiului Giurgiu<\/p>\n","protected":false},"author":1,"featured_media":0,"comment_status":"open","ping_status":"open","sticky":false,"template":"","format":"standard","meta":{"footnotes":""},"categories":[8],"tags":[],"class_list":["post-78039","post","type-post","status-publish","format-standard","hentry","category-alert-news"],"_links":{"self":[{"href":"https:\/\/www.giurgiuveanul.ro\/stiri\/wp-json\/wp\/v2\/posts\/78039","targetHints":{"allow":["GET"]}}],"collection":[{"href":"https:\/\/www.giurgiuveanul.ro\/stiri\/wp-json\/wp\/v2\/posts"}],"about":[{"href":"https:\/\/www.giurgiuveanul.ro\/stiri\/wp-json\/wp\/v2\/types\/post"}],"author":[{"embeddable":true,"href":"https:\/\/www.giurgiuveanul.ro\/stiri\/wp-json\/wp\/v2\/users\/1"}],"replies":[{"embeddable":true,"href":"https:\/\/www.giurgiuveanul.ro\/stiri\/wp-json\/wp\/v2\/comments?post=78039"}],"version-history":[{"count":0,"href":"https:\/\/www.giurgiuveanul.ro\/stiri\/wp-json\/wp\/v2\/posts\/78039\/revisions"}],"wp:attachment":[{"href":"https:\/\/www.giurgiuveanul.ro\/stiri\/wp-json\/wp\/v2\/media?parent=78039"}],"wp:term":[{"taxonomy":"category","embeddable":true,"href":"https:\/\/www.giurgiuveanul.ro\/stiri\/wp-json\/wp\/v2\/categories?post=78039"},{"taxonomy":"post_tag","embeddable":true,"href":"https:\/\/www.giurgiuveanul.ro\/stiri\/wp-json\/wp\/v2\/tags?post=78039"}],"curies":[{"name":"wp","href":"https:\/\/api.w.org\/{rel}","templated":true}]}}