{"id":78194,"date":"2021-03-12T10:41:57","date_gmt":"2021-03-12T08:41:57","guid":{"rendered":"https:\/\/www.giurgiuveanul.ro\/stiri\/?p=78194"},"modified":"2021-03-12T10:41:57","modified_gmt":"2021-03-12T08:41:57","slug":"ministrul-muncii-intentioneaza-sa-modifice-legea-salarizarii-pentru-ca-sporurile-acordate-bugetarilor-sa-nu-fie-mai-mari-de-20-din-nivelul-salariului-de-baza","status":"publish","type":"post","link":"https:\/\/www.giurgiuveanul.ro\/stiri\/ministrul-muncii-intentioneaza-sa-modifice-legea-salarizarii-pentru-ca-sporurile-acordate-bugetarilor-sa-nu-fie-mai-mari-de-20-din-nivelul-salariului-de-baza\/","title":{"rendered":"Ministrul Muncii inten\u021bioneaz\u0103 s\u0103 modifice legea salariz\u0103rii pentru ca sporurile acordate bugetarilor s\u0103 nu fie mai mari de 20% din nivelul salariului de baz\u0103"},"content":{"rendered":"<p style=\"text-align: justify;\"><a href=\"https:\/\/www.giurgiuveanul.ro\/stiri\/wp-content\/uploads\/2021\/03\/0000-salarii-bugetari.jpg\"><img loading=\"lazy\" decoding=\"async\" class=\"aligncenter size-large wp-image-78195\" src=\"https:\/\/www.giurgiuveanul.ro\/stiri\/wp-content\/uploads\/2021\/03\/0000-salarii-bugetari-560x316.jpg\" alt=\"\" width=\"560\" height=\"316\" srcset=\"https:\/\/www.giurgiuveanul.ro\/stiri\/wp-content\/uploads\/2021\/03\/0000-salarii-bugetari-560x316.jpg 560w, https:\/\/www.giurgiuveanul.ro\/stiri\/wp-content\/uploads\/2021\/03\/0000-salarii-bugetari-250x141.jpg 250w, https:\/\/www.giurgiuveanul.ro\/stiri\/wp-content\/uploads\/2021\/03\/0000-salarii-bugetari-768x433.jpg 768w, https:\/\/www.giurgiuveanul.ro\/stiri\/wp-content\/uploads\/2021\/03\/0000-salarii-bugetari-400x226.jpg 400w, https:\/\/www.giurgiuveanul.ro\/stiri\/wp-content\/uploads\/2021\/03\/0000-salarii-bugetari.jpg 780w\" sizes=\"auto, (max-width: 560px) 100vw, 560px\" \/><\/a>Ministrul Muncii, Raluca Turcan, a declarat c\u0103<!--more--> inten\u021bioneaz\u0103 s\u0103 modifice legea salariz\u0103rii astfel \u00eenc\u00e2t sporurile acordate bugetarilor s\u0103 nu fie mai mari de 20% din nivelul salariului de baz\u0103 \u0219i s\u0103 fie acordate pentru cei care muncesc la distan\u021be foarte mari sau \u00een condi\u021bii extrem de periculoase iar a doua categorie de sporuri s\u0103 fie motiva\u021bionale.<\/p>\n<p style=\"text-align: justify;\"><em>\u201cAvem sporuri create ca artificii ca s\u0103 creasc\u0103 salariile. Aceste sporuri fie vor fi reduse \u00een sum\u0103 fix\u0103, de obicei, iar acolo unde salariile chiar trebuie s\u0103 creasc\u0103, pentru c\u0103 au fost l\u0103sa\u021bi \u00een urm\u0103, s\u0103 creasc\u0103 pe grila de salarizare, s\u0103 creasc\u0103 salariul de baz\u0103. Nu trebuie s\u0103 inventezi sporuri care mai de care mai n\u0103strusnice, ci mai degrab\u0103 aju\u021bi omul s\u0103 aib\u0103 un salariu de baz\u0103 mai mare. Sunt unele categorii care nu au fost introduse pe grila de salarizare. Am primit de la autorit\u0103\u021bile publice locale solicitarea s\u0103 fie \u0219i ei introdu\u0219i pe gril\u0103, pentru c\u0103 salarizarea din prim\u0103rii, de exemplu, se face raportat la salariul primarului. Avem anomalii \u00een care salarii dintr-o prim\u0103rie micu\u021b\u0103 sunt mai mari dec\u00e2t \u00eentr-o prim\u0103rie re\u0219edin\u021b\u0103 de jude\u021b, uneori chiar mai mari dec\u00e2t \u00een administra\u021bia central\u0103, ceea ce este nefiresc.Inten\u021bion\u0103m ca \u00een aceste principii de baz\u0103 s\u0103 vin\u0103 fiecare minister de linie \u0219i s\u0103 ne spun\u0103 cum trebuie facut\u0103 politica \u00een domeniile pe care le coordoneaz\u0103. Eu, ca ministru al Muncii, nu pot s\u0103 intru \u00een detaliu cu viziunea \u00een politica salarial\u0103 \u00een S\u0103n\u0103tate. Nu am cum s\u0103 \u0219tiu cum trebuie g\u00e2ndit\u0103 cel mai bine aceasta. Vom a\u0219tepta propuneri de la Educatie, S\u0103n\u0103tate, Justi\u021bie, Interne, Ap\u0103rare, cu solicitarea noastr\u0103 s\u0103 \u021bin\u0103 cont de aceste principii de baz\u0103. Dup\u0103 ce avem viziunile pe fiecare categorie socio-profesional\u0103, mergem la Finan\u021be \u0219i vor spune \u00abaceasta este anvelopa \u00een care trebuie s\u0103 v\u0103 \u00eencadra\u021bi \u0219i a\u0219eza\u021bi-v\u0103 planul de major\u0103ri ulterioare salariale \u00een func\u021bie de asta\u00bb. Cred c\u0103 trebuie s\u0103 \u00eencheiem cu ipocrizia legat\u0103 de sporurile inventate doar pentru a majora salariile. Politica noastr\u0103, \u00een materie de salarizare \u00een sistemul public, pleac\u0103 de la o mai bun\u0103 ierarhizare pe grila de salarizare pentru categoriile socio-profesionale iar sporurile s\u0103 se acorde nu mai mult de 20% din nivelul salariului de baz\u0103. Sporurile s\u0103 fie strict pe dou\u0103 dimensiuni. O categorie de munc\u0103 extrem\u0103, cum ar fi munca la distan\u021be foarte mari sau \u00een condi\u021bii extrem de periculoase \u0219i una care s\u0103 fie de sporuri motiva\u021bionale. \u00cen felul acesta vom avea o lege a salariz\u0103rii unitare\u201d<\/em>, a declarat Raluca Turcan.<\/p>\n","protected":false},"excerpt":{"rendered":"<p>Ministrul Muncii, Raluca Turcan, a declarat c\u0103<\/p>\n","protected":false},"author":1,"featured_media":0,"comment_status":"open","ping_status":"open","sticky":false,"template":"","format":"standard","meta":{"footnotes":""},"categories":[8],"tags":[],"class_list":["post-78194","post","type-post","status-publish","format-standard","hentry","category-alert-news"],"_links":{"self":[{"href":"https:\/\/www.giurgiuveanul.ro\/stiri\/wp-json\/wp\/v2\/posts\/78194","targetHints":{"allow":["GET"]}}],"collection":[{"href":"https:\/\/www.giurgiuveanul.ro\/stiri\/wp-json\/wp\/v2\/posts"}],"about":[{"href":"https:\/\/www.giurgiuveanul.ro\/stiri\/wp-json\/wp\/v2\/types\/post"}],"author":[{"embeddable":true,"href":"https:\/\/www.giurgiuveanul.ro\/stiri\/wp-json\/wp\/v2\/users\/1"}],"replies":[{"embeddable":true,"href":"https:\/\/www.giurgiuveanul.ro\/stiri\/wp-json\/wp\/v2\/comments?post=78194"}],"version-history":[{"count":0,"href":"https:\/\/www.giurgiuveanul.ro\/stiri\/wp-json\/wp\/v2\/posts\/78194\/revisions"}],"wp:attachment":[{"href":"https:\/\/www.giurgiuveanul.ro\/stiri\/wp-json\/wp\/v2\/media?parent=78194"}],"wp:term":[{"taxonomy":"category","embeddable":true,"href":"https:\/\/www.giurgiuveanul.ro\/stiri\/wp-json\/wp\/v2\/categories?post=78194"},{"taxonomy":"post_tag","embeddable":true,"href":"https:\/\/www.giurgiuveanul.ro\/stiri\/wp-json\/wp\/v2\/tags?post=78194"}],"curies":[{"name":"wp","href":"https:\/\/api.w.org\/{rel}","templated":true}]}}