{"id":78260,"date":"2021-03-15T16:41:29","date_gmt":"2021-03-15T14:41:29","guid":{"rendered":"https:\/\/www.giurgiuveanul.ro\/stiri\/?p=78260"},"modified":"2021-03-15T16:41:29","modified_gmt":"2021-03-15T14:41:29","slug":"presedintele-consiliului-judetean-giurgiu-dumitru-beianu-conferinta-de-presa-pe-tema-campaniei-saptamana-meseriilor","status":"publish","type":"post","link":"https:\/\/www.giurgiuveanul.ro\/stiri\/presedintele-consiliului-judetean-giurgiu-dumitru-beianu-conferinta-de-presa-pe-tema-campaniei-saptamana-meseriilor\/","title":{"rendered":"Pre\u0219edintele Consiliului Jude\u021bean Giurgiu, Dumitru Beianu, conferin\u0163\u0103 de pres\u0103 pe tema campaniei \u201dS\u0103pt\u0103m\u00e2na meseriilor\u201d"},"content":{"rendered":"<p style=\"text-align: justify;\"><a href=\"https:\/\/www.giurgiuveanul.ro\/stiri\/wp-content\/uploads\/2021\/03\/IMG_6026.jpg\"><img loading=\"lazy\" decoding=\"async\" class=\"aligncenter size-large wp-image-78261\" src=\"https:\/\/www.giurgiuveanul.ro\/stiri\/wp-content\/uploads\/2021\/03\/IMG_6026-560x450.jpg\" alt=\"\" width=\"560\" height=\"450\" srcset=\"https:\/\/www.giurgiuveanul.ro\/stiri\/wp-content\/uploads\/2021\/03\/IMG_6026-560x450.jpg 560w, https:\/\/www.giurgiuveanul.ro\/stiri\/wp-content\/uploads\/2021\/03\/IMG_6026-250x201.jpg 250w, https:\/\/www.giurgiuveanul.ro\/stiri\/wp-content\/uploads\/2021\/03\/IMG_6026-768x618.jpg 768w, https:\/\/www.giurgiuveanul.ro\/stiri\/wp-content\/uploads\/2021\/03\/IMG_6026-400x322.jpg 400w, https:\/\/www.giurgiuveanul.ro\/stiri\/wp-content\/uploads\/2021\/03\/IMG_6026.jpg 800w\" sizes=\"auto, (max-width: 560px) 100vw, 560px\" \/><\/a><strong>Pre\u0219edintele Consiliului Jude\u021bean Giurgiu, Dumitru Beianu, al\u0103turi de<!--more--> vicepre\u0219edintele Elisabeta Mihalcea \u0219i directorul Colegiului Tehnic &#8222;Viceamiral Ioan B\u0103l\u0103nescu&#8221;, Ana Maria Fer\u0103str\u0103u, au sus\u021binut ast\u0103zi, 15 martie, o conferin\u021b\u0103 de pres\u0103.<\/strong><\/p>\n<p><a href=\"https:\/\/www.giurgiuveanul.ro\/stiri\/wp-content\/uploads\/2021\/03\/IMG_6031.jpg\"><img loading=\"lazy\" decoding=\"async\" class=\"aligncenter size-large wp-image-78262\" src=\"https:\/\/www.giurgiuveanul.ro\/stiri\/wp-content\/uploads\/2021\/03\/IMG_6031-560x278.jpg\" alt=\"\" width=\"560\" height=\"278\" srcset=\"https:\/\/www.giurgiuveanul.ro\/stiri\/wp-content\/uploads\/2021\/03\/IMG_6031-560x278.jpg 560w, https:\/\/www.giurgiuveanul.ro\/stiri\/wp-content\/uploads\/2021\/03\/IMG_6031-250x124.jpg 250w, https:\/\/www.giurgiuveanul.ro\/stiri\/wp-content\/uploads\/2021\/03\/IMG_6031-768x381.jpg 768w, https:\/\/www.giurgiuveanul.ro\/stiri\/wp-content\/uploads\/2021\/03\/IMG_6031-400x199.jpg 400w, https:\/\/www.giurgiuveanul.ro\/stiri\/wp-content\/uploads\/2021\/03\/IMG_6031.jpg 800w\" sizes=\"auto, (max-width: 560px) 100vw, 560px\" \/><\/a><\/p>\n<p style=\"text-align: justify;\">Subiectul principal al \u00eent\u00e2lnirii de ast\u0103zi a fost \u00eenceperea campaniei \u201dS\u0103pt\u0103m\u00e2na meseriilor\u201d, campanie ce se va derula pe parcursul lunii martie, al c\u0103rui scop este promovarea \u0219colilor profesionale \u0219i identificarea unor posibile solu\u021bii pentru ca \u0219colile profesionale s\u0103 produc\u0103 speciali\u0219tii de care economia rom\u00e2neasc\u0103 are tot mai mare nevoie.<\/p>\n<p style=\"text-align: justify;\">Au fost prezentate ofertele celor din mediul de afaceri care vin \u00een sprijinul acestui demers prin acordarea unor burse \u0219i alte facilit\u0103\u021bi, parteneriatele \u0219coal\u0103 \u2013 operatori economici \u00een beneficiul unui \u00eenv\u0103\u021b\u0103m\u00e2nt profesional de calitate.<\/p>\n<p style=\"text-align: justify;\">\u00cen cadrul conferin\u021bei de pres\u0103 au fost aduse \u00een discu\u021bie \u0219i premierea cadrelor didactice din jude\u021bul Giurgiu urmare celor 73 de dosare depuse, dar \u0219i o altfel de premiere a elevilor cu activit\u0103\u021bi \u0219colare \u0219i extra\u0219colare, eveniment care se va desf\u0103\u0219ura dup\u0103 15 iunie.<\/p>\n<p style=\"text-align: justify;\">\u201eNe dorim s\u0103 promov\u0103m activit\u0103\u021bile practice \u00een urma c\u0103rora copiii ar trebui s\u0103 \u00eenve\u021be meserie, suntem de p\u0103rere c\u0103 \u00eenv\u0103\u021b\u0103m\u00e2ntul tehnic \u0219i cel de tip dual pot aduce un plus de valoare economiei, totodat\u0103 \u00eencuraj\u0103m \u0219i sprijinim dezvoltarea unor astfel de unit\u0103\u021bi de \u00eenv\u0103\u021b\u0103m\u00e2nt\u201d, a declarat pre\u015fedintele Consiliului Jude\u0163ean Giurgiou, Dumitru Beianu.<\/p>\n","protected":false},"excerpt":{"rendered":"<p>Pre\u0219edintele Consiliului Jude\u021bean Giurgiu, Dumitru Beianu, al\u0103turi de<\/p>\n","protected":false},"author":1,"featured_media":0,"comment_status":"open","ping_status":"open","sticky":false,"template":"","format":"standard","meta":{"footnotes":""},"categories":[8],"tags":[],"class_list":["post-78260","post","type-post","status-publish","format-standard","hentry","category-alert-news"],"_links":{"self":[{"href":"https:\/\/www.giurgiuveanul.ro\/stiri\/wp-json\/wp\/v2\/posts\/78260","targetHints":{"allow":["GET"]}}],"collection":[{"href":"https:\/\/www.giurgiuveanul.ro\/stiri\/wp-json\/wp\/v2\/posts"}],"about":[{"href":"https:\/\/www.giurgiuveanul.ro\/stiri\/wp-json\/wp\/v2\/types\/post"}],"author":[{"embeddable":true,"href":"https:\/\/www.giurgiuveanul.ro\/stiri\/wp-json\/wp\/v2\/users\/1"}],"replies":[{"embeddable":true,"href":"https:\/\/www.giurgiuveanul.ro\/stiri\/wp-json\/wp\/v2\/comments?post=78260"}],"version-history":[{"count":0,"href":"https:\/\/www.giurgiuveanul.ro\/stiri\/wp-json\/wp\/v2\/posts\/78260\/revisions"}],"wp:attachment":[{"href":"https:\/\/www.giurgiuveanul.ro\/stiri\/wp-json\/wp\/v2\/media?parent=78260"}],"wp:term":[{"taxonomy":"category","embeddable":true,"href":"https:\/\/www.giurgiuveanul.ro\/stiri\/wp-json\/wp\/v2\/categories?post=78260"},{"taxonomy":"post_tag","embeddable":true,"href":"https:\/\/www.giurgiuveanul.ro\/stiri\/wp-json\/wp\/v2\/tags?post=78260"}],"curies":[{"name":"wp","href":"https:\/\/api.w.org\/{rel}","templated":true}]}}