{"id":78315,"date":"2021-03-16T19:20:49","date_gmt":"2021-03-16T17:20:49","guid":{"rendered":"https:\/\/www.giurgiuveanul.ro\/stiri\/?p=78315"},"modified":"2021-03-16T19:20:49","modified_gmt":"2021-03-16T17:20:49","slug":"proiectul-digilb-laboratorul-digital-peste-250-de-persoane-au-absolvit-cursurile-de-competente-digitale","status":"publish","type":"post","link":"https:\/\/www.giurgiuveanul.ro\/stiri\/proiectul-digilb-laboratorul-digital-peste-250-de-persoane-au-absolvit-cursurile-de-competente-digitale\/","title":{"rendered":"Proiectul DigiL@b &#8211; Laboratorul digital: peste 250 de persoane au absolvit cursurile de competen\u021be digitale!"},"content":{"rendered":"<p style=\"text-align: justify;\"><strong><a href=\"https:\/\/www.giurgiuveanul.ro\/stiri\/wp-content\/uploads\/2021\/03\/atelieruldigital.jpg\"><img loading=\"lazy\" decoding=\"async\" class=\"aligncenter size-large wp-image-78316\" src=\"https:\/\/www.giurgiuveanul.ro\/stiri\/wp-content\/uploads\/2021\/03\/atelieruldigital-560x327.jpg\" alt=\"\" width=\"560\" height=\"327\" srcset=\"https:\/\/www.giurgiuveanul.ro\/stiri\/wp-content\/uploads\/2021\/03\/atelieruldigital-560x327.jpg 560w, https:\/\/www.giurgiuveanul.ro\/stiri\/wp-content\/uploads\/2021\/03\/atelieruldigital-250x146.jpg 250w, https:\/\/www.giurgiuveanul.ro\/stiri\/wp-content\/uploads\/2021\/03\/atelieruldigital-768x448.jpg 768w, https:\/\/www.giurgiuveanul.ro\/stiri\/wp-content\/uploads\/2021\/03\/atelieruldigital-400x234.jpg 400w, https:\/\/www.giurgiuveanul.ro\/stiri\/wp-content\/uploads\/2021\/03\/atelieruldigital.jpg 800w\" sizes=\"auto, (max-width: 560px) 100vw, 560px\" \/><\/a>Cursurile dezvoltate \u00eempreun\u0103 cu<!--more--> Google Atelierul Digital \u00een cadrul proiectului DigiL@b &#8211; Laboratorul digital\u201d, implementat de c\u0103tre Patronatul Tinerilor \u00centreprinz\u0103tori din Rom\u00e2nia, num\u0103r\u0103 deja peste 250 de absolven\u021bi.<\/strong><\/p>\n<p style=\"text-align: justify;\">\u201cAceste cursuri au fost finalizate cu plus valoare pentru mine. Habar n-aveam de multe din cele discutate. \u0218tiu acum ce, unde, cum, \u00een ce fel pot scoate c\u00e2t mai mult din google-eala care p\u00e2n\u0103 acum era doar search! Mul\u021bumesc profilor! Respect!\u201d spune Cristina Funaru, unul dintre cei 258 de absolven\u021bi ai cursurilor.<\/p>\n<p style=\"text-align: justify;\">Proiectul <strong>\u201cDigiL@b &#8211; Laboratorul digital\u201d <\/strong>se adreseaz\u0103 angaja\u021bilor \u00eentreprinderilor mici \u0219i mijlocii din regiunile Nord-Est, Sud-Est, Centru \u0219i Sud-Muntenia, care au avut \u0219i au \u00een continuare ocazia s\u0103 \u00eenve\u021be sau s\u0103-\u0219i perfec\u021bioneze competen\u021bele digitale. Aici po\u021bi dob\u00e2ndi tehnici referitoare la construirea unei campanii eficiente de marketing digital \u00een social-media, dar \u0219i elementele de baz\u0103 pentru protejarea datelor private \u00eempotriva atacurilor cibernetice.<\/p>\n<p style=\"text-align: justify;\">Cursurile pun la dispozi\u021bie o aplica\u021bie\u00a0mobil\u0103 care constituie suportul procesului de formare, c\u00e2t \u0219i partea practic\u0103 integral\u0103 a cursului (con\u021binut digital multimedia), iar cei \u00a0care predau sunt oameni cu experien\u021b\u0103 \u00eendelungat\u0103 \u00een antreprenoriat sau industria internetului.<\/p>\n<p style=\"text-align: justify;\">\u201cAm participat la lansarea ambi\u021biosului proiect na\u021bional Romania Tech Nation \u0219i a fost o oportunitate excelent\u0103 s\u0103 pot continua \u00een calitate de formator \u00een cadrul proiectului DigiLab. Am avut \u0219ansa s\u0103 lucrez al\u0103turi de oameni dedica\u021bi si talenta\u021bi, iar rezultatele excep\u021bionale au fost posibile datorit\u0103 coordon\u0103rii impecabile, dar \u0219i implic\u0103rii cursan\u021bilor, oameni creativi \u0219i dornici s\u0103 \u00eenve\u021be \u0219i s\u0103 aplice cuno\u0219tin\u021bele \u00een activitatea zilnic\u0103\u201d, spune Robert Similea, Trainer &amp; Antreprenor.<\/p>\n<p style=\"text-align: justify;\">Proiectul <strong>DigiLab \u2013 Laboratorul Digital<\/strong> este finan\u021bat \u00een cadrul Programului Opera\u021bional Capital Uman 2014-2020.<\/p>\n","protected":false},"excerpt":{"rendered":"<p>Cursurile dezvoltate \u00eempreun\u0103 cu<\/p>\n","protected":false},"author":1,"featured_media":0,"comment_status":"open","ping_status":"open","sticky":false,"template":"","format":"standard","meta":{"footnotes":""},"categories":[8],"tags":[],"class_list":["post-78315","post","type-post","status-publish","format-standard","hentry","category-alert-news"],"_links":{"self":[{"href":"https:\/\/www.giurgiuveanul.ro\/stiri\/wp-json\/wp\/v2\/posts\/78315","targetHints":{"allow":["GET"]}}],"collection":[{"href":"https:\/\/www.giurgiuveanul.ro\/stiri\/wp-json\/wp\/v2\/posts"}],"about":[{"href":"https:\/\/www.giurgiuveanul.ro\/stiri\/wp-json\/wp\/v2\/types\/post"}],"author":[{"embeddable":true,"href":"https:\/\/www.giurgiuveanul.ro\/stiri\/wp-json\/wp\/v2\/users\/1"}],"replies":[{"embeddable":true,"href":"https:\/\/www.giurgiuveanul.ro\/stiri\/wp-json\/wp\/v2\/comments?post=78315"}],"version-history":[{"count":0,"href":"https:\/\/www.giurgiuveanul.ro\/stiri\/wp-json\/wp\/v2\/posts\/78315\/revisions"}],"wp:attachment":[{"href":"https:\/\/www.giurgiuveanul.ro\/stiri\/wp-json\/wp\/v2\/media?parent=78315"}],"wp:term":[{"taxonomy":"category","embeddable":true,"href":"https:\/\/www.giurgiuveanul.ro\/stiri\/wp-json\/wp\/v2\/categories?post=78315"},{"taxonomy":"post_tag","embeddable":true,"href":"https:\/\/www.giurgiuveanul.ro\/stiri\/wp-json\/wp\/v2\/tags?post=78315"}],"curies":[{"name":"wp","href":"https:\/\/api.w.org\/{rel}","templated":true}]}}