{"id":78318,"date":"2021-03-16T20:06:29","date_gmt":"2021-03-16T18:06:29","guid":{"rendered":"https:\/\/www.giurgiuveanul.ro\/stiri\/?p=78318"},"modified":"2021-03-16T20:06:29","modified_gmt":"2021-03-16T18:06:29","slug":"proiect-important-pentru-judetul-giurgiu-in-sedinta-guvernului-romaniei-de-miercuri-17-martie-2021","status":"publish","type":"post","link":"https:\/\/www.giurgiuveanul.ro\/stiri\/proiect-important-pentru-judetul-giurgiu-in-sedinta-guvernului-romaniei-de-miercuri-17-martie-2021\/","title":{"rendered":"Proiect important pentru jude\u0163ul Giurgiu, \u00een \u015fedin\u0163a Guvernului Rom\u00e2niei, de miercuri, 17 martie 2021!"},"content":{"rendered":"<p style=\"text-align: justify;\"><strong><a href=\"https:\/\/www.giurgiuveanul.ro\/stiri\/wp-content\/uploads\/2021\/03\/0000-sedinta-de-guvern.jpg\"><img loading=\"lazy\" decoding=\"async\" class=\"aligncenter size-large wp-image-78319\" src=\"https:\/\/www.giurgiuveanul.ro\/stiri\/wp-content\/uploads\/2021\/03\/0000-sedinta-de-guvern-560x316.jpg\" alt=\"\" width=\"560\" height=\"316\" srcset=\"https:\/\/www.giurgiuveanul.ro\/stiri\/wp-content\/uploads\/2021\/03\/0000-sedinta-de-guvern-560x316.jpg 560w, https:\/\/www.giurgiuveanul.ro\/stiri\/wp-content\/uploads\/2021\/03\/0000-sedinta-de-guvern-250x141.jpg 250w, https:\/\/www.giurgiuveanul.ro\/stiri\/wp-content\/uploads\/2021\/03\/0000-sedinta-de-guvern-768x434.jpg 768w, https:\/\/www.giurgiuveanul.ro\/stiri\/wp-content\/uploads\/2021\/03\/0000-sedinta-de-guvern-400x226.jpg 400w, https:\/\/www.giurgiuveanul.ro\/stiri\/wp-content\/uploads\/2021\/03\/0000-sedinta-de-guvern.jpg 800w\" sizes=\"auto, (max-width: 560px) 100vw, 560px\" \/><\/a>Pe agenda \u0219edin\u021bei Guvernului Rom\u00e2niei, din data de 17 martie 2021, se afl\u0103 un proiect important pentru jude\u0163ul Giurgiu.<\/strong><\/p>\n<p style=\"text-align: justify;\">Este vorba despre<!--more--> punctul <strong>8, PROIECT DE HOT\u0102R\u00c2RE privind declan\u015farea procedurii de expropriere a imobilelor proprietate privat\u0103 situate pe amplasamentul lucr\u0103rii de utilitate public\u0103 de interes na\u0163ional \u201eModernizarea liniei CF Bucure\u0219ti Nord \u2013 Jilava &#8211; Giurgiu Nord &#8211; Giurgiu Nord Frontier\u0103\u201d. Lotul 1: \u201eRedeschiderea circula\u021biei feroviare pe pod, peste r\u00e2ul Arge\u0219 \u00eentre Vidra \u0219i Comana\u201d pe raza localit\u0103\u021bilor Comana, din jude\u021bul Giurgiu \u0219i Vidra, din jude\u021bul Ilfov.<\/strong><\/p>\n<p style=\"text-align: justify;\">Proiectul poate fi consultat AICI : <a href=\"https:\/\/sgg.gov.ro\/new\/wp-content\/uploads\/2021\/03\/HG-44.pdf\">https:\/\/sgg.gov.ro\/new\/wp-content\/uploads\/2021\/03\/HG-44.pdf.<\/a><\/p>\n","protected":false},"excerpt":{"rendered":"<p>Pe agenda \u0219edin\u021bei Guvernului Rom\u00e2niei, din data de 17 martie 2021, se afl\u0103 un proiect important pentru jude\u0163ul Giurgiu. Este vorba despre<\/p>\n","protected":false},"author":1,"featured_media":0,"comment_status":"open","ping_status":"open","sticky":false,"template":"","format":"standard","meta":{"footnotes":""},"categories":[8],"tags":[],"class_list":["post-78318","post","type-post","status-publish","format-standard","hentry","category-alert-news"],"_links":{"self":[{"href":"https:\/\/www.giurgiuveanul.ro\/stiri\/wp-json\/wp\/v2\/posts\/78318","targetHints":{"allow":["GET"]}}],"collection":[{"href":"https:\/\/www.giurgiuveanul.ro\/stiri\/wp-json\/wp\/v2\/posts"}],"about":[{"href":"https:\/\/www.giurgiuveanul.ro\/stiri\/wp-json\/wp\/v2\/types\/post"}],"author":[{"embeddable":true,"href":"https:\/\/www.giurgiuveanul.ro\/stiri\/wp-json\/wp\/v2\/users\/1"}],"replies":[{"embeddable":true,"href":"https:\/\/www.giurgiuveanul.ro\/stiri\/wp-json\/wp\/v2\/comments?post=78318"}],"version-history":[{"count":0,"href":"https:\/\/www.giurgiuveanul.ro\/stiri\/wp-json\/wp\/v2\/posts\/78318\/revisions"}],"wp:attachment":[{"href":"https:\/\/www.giurgiuveanul.ro\/stiri\/wp-json\/wp\/v2\/media?parent=78318"}],"wp:term":[{"taxonomy":"category","embeddable":true,"href":"https:\/\/www.giurgiuveanul.ro\/stiri\/wp-json\/wp\/v2\/categories?post=78318"},{"taxonomy":"post_tag","embeddable":true,"href":"https:\/\/www.giurgiuveanul.ro\/stiri\/wp-json\/wp\/v2\/tags?post=78318"}],"curies":[{"name":"wp","href":"https:\/\/api.w.org\/{rel}","templated":true}]}}