{"id":78474,"date":"2021-03-22T16:13:26","date_gmt":"2021-03-22T14:13:26","guid":{"rendered":"https:\/\/www.giurgiuveanul.ro\/stiri\/?p=78474"},"modified":"2021-03-22T16:13:50","modified_gmt":"2021-03-22T14:13:50","slug":"expozitie-calatorie-spre-sud-primul-proiect-de-curatoriat-artistic-realizat-de-editura-frontiera","status":"publish","type":"post","link":"https:\/\/www.giurgiuveanul.ro\/stiri\/expozitie-calatorie-spre-sud-primul-proiect-de-curatoriat-artistic-realizat-de-editura-frontiera\/","title":{"rendered":"Expozi\u021bia \u201cC\u0103l\u0103torie spre Sud\u201d &#8211; primul proiect de curatoriat artistic realizat de Editura Frontiera"},"content":{"rendered":"<p style=\"text-align: justify;\"><a href=\"https:\/\/www.giurgiuveanul.ro\/stiri\/wp-content\/uploads\/2021\/03\/expozitie_calatorie_spre_sud_muzeul_hartilor_1.jpg\"><img loading=\"lazy\" decoding=\"async\" class=\"aligncenter wp-image-78475\" src=\"https:\/\/www.giurgiuveanul.ro\/stiri\/wp-content\/uploads\/2021\/03\/expozitie_calatorie_spre_sud_muzeul_hartilor_1-329x450.jpg\" alt=\"\" width=\"570\" height=\"780\" srcset=\"https:\/\/www.giurgiuveanul.ro\/stiri\/wp-content\/uploads\/2021\/03\/expozitie_calatorie_spre_sud_muzeul_hartilor_1-329x450.jpg 329w, https:\/\/www.giurgiuveanul.ro\/stiri\/wp-content\/uploads\/2021\/03\/expozitie_calatorie_spre_sud_muzeul_hartilor_1-219x300.jpg 219w, https:\/\/www.giurgiuveanul.ro\/stiri\/wp-content\/uploads\/2021\/03\/expozitie_calatorie_spre_sud_muzeul_hartilor_1-768x1050.jpg 768w, https:\/\/www.giurgiuveanul.ro\/stiri\/wp-content\/uploads\/2021\/03\/expozitie_calatorie_spre_sud_muzeul_hartilor_1-400x547.jpg 400w, https:\/\/www.giurgiuveanul.ro\/stiri\/wp-content\/uploads\/2021\/03\/expozitie_calatorie_spre_sud_muzeul_hartilor_1.jpg 843w\" sizes=\"auto, (max-width: 570px) 100vw, 570px\" \/><\/a>\u00cen perioada<!--more--> 11 martie &#8211; 9 mai 2021, Editura Frontiera v\u0103 invit\u0103 s\u0103 vizita\u021bi expozi\u021bia <strong>&#8222;<\/strong><strong><a href=\"https:\/\/editurafrontiera.ro\/calatorie-spre-sud\/\">C\u0103l\u0103torie spre Sud<\/a><\/strong><strong>&#8222;<\/strong> a artistului Eugen Berlo, g\u0103zduit\u0103 de <a href=\"https:\/\/www.muzeulhartilor.ro\/event-item\/calatorie-spre-sud\/\">Muzeul Na\u021bional al H\u0103r\u021bilor \u0219i C\u0103r\u021bii Vechi<\/a> din Bucure\u0219ti. Aceast\u0103 expozi\u021bie este primul proiect de curatorie artistic\u0103 realizat de Editura Frontiera.<\/p>\n<p style=\"text-align: justify;\"><strong>Eugen Berlo<\/strong> a studiat arhitectura \u0219i matematica \u0219i a lucrat ca arhitect designer la New York. \u00cen colaborare cu Editura Frontiera, a ilustrat prin linogravur\u0103 c\u0103r\u021bile &#8222;<a href=\"https:\/\/editurafrontiera.ro\/produs\/strabunicul-meu-emil-racovita\/\">Str\u0103bunicul meu, Emil Racovi\u021b\u0103<\/a>&#8221; de Andreia Petcu \u0219i &#8222;<a href=\"https:\/\/editurafrontiera.ro\/produs\/spre-polul-sud\/\">Spre Polul Sud<\/a>&#8221; de Emil Racovi\u021b\u0103. Inspirat\u0103 de fabuloasa expedi\u021bie arctic\u0103 a lui Racovi\u021b\u0103, expozi\u021bia Eugen Berlo propune o c\u0103l\u0103torie real-imaginar\u0103 c\u0103tre \u021binutul \u00eenghe\u021bat de la Polul Sud. \u00cen cadrul expozi\u021biei sunt prezentate lucr\u0103ri artistice, linogravuri originale, obiecte \u0219i imagini de arhiv\u0103 care ilustreaz\u0103 at\u00e2t c\u0103l\u0103toria real\u0103 a lui Emil Racovi\u021b\u0103, c\u00e2t \u0219i c\u0103l\u0103toria imaginar\u0103 a Mariei, personajul c\u0103r\u021bii &#8222;Str\u0103bunicul meu, Emil Racovi\u021b\u0103&#8221;.<\/p>\n<p><a href=\"https:\/\/www.giurgiuveanul.ro\/stiri\/wp-content\/uploads\/2021\/03\/afis_expozitie_calatorie_spre_sud.jpg\"><img loading=\"lazy\" decoding=\"async\" class=\"aligncenter wp-image-78480\" src=\"https:\/\/www.giurgiuveanul.ro\/stiri\/wp-content\/uploads\/2021\/03\/afis_expozitie_calatorie_spre_sud-325x450.jpg\" alt=\"\" width=\"533\" height=\"738\" srcset=\"https:\/\/www.giurgiuveanul.ro\/stiri\/wp-content\/uploads\/2021\/03\/afis_expozitie_calatorie_spre_sud-325x450.jpg 325w, https:\/\/www.giurgiuveanul.ro\/stiri\/wp-content\/uploads\/2021\/03\/afis_expozitie_calatorie_spre_sud-217x300.jpg 217w, https:\/\/www.giurgiuveanul.ro\/stiri\/wp-content\/uploads\/2021\/03\/afis_expozitie_calatorie_spre_sud-400x554.jpg 400w, https:\/\/www.giurgiuveanul.ro\/stiri\/wp-content\/uploads\/2021\/03\/afis_expozitie_calatorie_spre_sud.jpg 597w\" sizes=\"auto, (max-width: 533px) 100vw, 533px\" \/><\/a><\/p>\n<p style=\"text-align: justify;\"><em>\u201cSe accentueaz\u0103 mult educa\u021bia teoretic\u0103 a copiilor, dar cred c\u0103 o parte esen\u021bial\u0103 din educa\u021bia lor este \u0219i cea artistic\u0103. E un tip de educa\u021bie care apeleaz\u0103 la zone ale min\u021bii mai pu\u021bin structurate, care treze\u0219te sensibilitate, formeaz\u0103 \u201cochiul\u201d \u0219i gustul, stabile\u0219te repere fundamentale pentru via\u021ba de adult. Urm\u00e2nd aceast\u0103 idee, Editura Frontiera pune pe primul loc preocuparea de a aduce pe lume c\u0103r\u021bi frumoase pentru copii \u00een\u021belep\u021bi. Colaborarea noastr\u0103 cu artistul Eugen Berlo s-a concretizat \u00een dou\u0103 c\u0103r\u021bi minunate \u0219i acum, iat\u0103, \u00eentr-o expozi\u021bie artistic\u0103 a unei c\u0103l\u0103torii real-imaginare c\u0103tre Sud, g\u0103zduit\u0103 de Muzeul Na\u021bional al H\u0103r\u021bilor \u0219i C\u0103r\u021bii Vechi din Bucure\u0219ti.\u201d<\/em> (<strong>Bogdan T\u0103ut &#8211; Director Dezvoltare al\u00a0 Editurii Frontiera<\/strong>)<\/p>\n<p style=\"text-align: justify;\">Mai multe informa\u021bii despre expozi\u021bie g\u0103si\u021bi <a href=\"https:\/\/www.muzeulhartilor.ro\/event-item\/calatorie-spre-sud\/\">aici<\/a>. Pentru achizi\u021bia de lucr\u0103ri originale ale artistului, pute\u021bi scrie la <a href=\"mailto:art@editurafrontiera.ro\">art@editurafrontiera.ro<\/a>.<\/p>\n<p style=\"text-align: justify;\"><strong>Despre Editura Frontiera<\/strong><\/p>\n<p style=\"text-align: justify;\"><em>Editura Frontiera public\u0103 autori importan\u021bi pentru copii din literatura universal\u0103 \u0219i, \u00een acela\u0219i timp, ofer\u0103 spa\u021biu editorial creativ autorilor \u0219i ilustratorilor rom\u00e2ni. Mai multe detalii \u0219i nout\u0103\u021bi editoriale g\u0103si\u021bi pe<a href=\"http:\/\/www.editurafrontiera.ro\/\"> www.editurafrontiera.ro<\/a> \u0219i conturile de<\/em><em><a href=\"https:\/\/www.facebook.com\/editurafrontiera\/\"> Facebook<\/a><\/em><em> \u0219i<a href=\"https:\/\/www.instagram.com\/editurafrontiera\/\"> Instagram<\/a> ale editurii.<\/em><\/p>\n<p><a href=\"https:\/\/www.giurgiuveanul.ro\/stiri\/wp-content\/uploads\/2021\/03\/expozitie_calatorie_spre_sud_muzeul_hartilor_2.jpg\"><img loading=\"lazy\" decoding=\"async\" class=\"aligncenter size-large wp-image-78476\" src=\"https:\/\/www.giurgiuveanul.ro\/stiri\/wp-content\/uploads\/2021\/03\/expozitie_calatorie_spre_sud_muzeul_hartilor_2-560x326.jpg\" alt=\"\" width=\"560\" height=\"326\" srcset=\"https:\/\/www.giurgiuveanul.ro\/stiri\/wp-content\/uploads\/2021\/03\/expozitie_calatorie_spre_sud_muzeul_hartilor_2-560x326.jpg 560w, https:\/\/www.giurgiuveanul.ro\/stiri\/wp-content\/uploads\/2021\/03\/expozitie_calatorie_spre_sud_muzeul_hartilor_2-250x146.jpg 250w, https:\/\/www.giurgiuveanul.ro\/stiri\/wp-content\/uploads\/2021\/03\/expozitie_calatorie_spre_sud_muzeul_hartilor_2-768x447.jpg 768w, https:\/\/www.giurgiuveanul.ro\/stiri\/wp-content\/uploads\/2021\/03\/expozitie_calatorie_spre_sud_muzeul_hartilor_2-1536x895.jpg 1536w, https:\/\/www.giurgiuveanul.ro\/stiri\/wp-content\/uploads\/2021\/03\/expozitie_calatorie_spre_sud_muzeul_hartilor_2-400x233.jpg 400w, https:\/\/www.giurgiuveanul.ro\/stiri\/wp-content\/uploads\/2021\/03\/expozitie_calatorie_spre_sud_muzeul_hartilor_2.jpg 1852w\" sizes=\"auto, (max-width: 560px) 100vw, 560px\" \/><\/a> <a href=\"https:\/\/www.giurgiuveanul.ro\/stiri\/wp-content\/uploads\/2021\/03\/expozitie_calatorie_spre_sud_muzeul_hartilor_3.jpg\"><img loading=\"lazy\" decoding=\"async\" class=\"aligncenter size-large wp-image-78477\" src=\"https:\/\/www.giurgiuveanul.ro\/stiri\/wp-content\/uploads\/2021\/03\/expozitie_calatorie_spre_sud_muzeul_hartilor_3-560x335.jpg\" alt=\"\" width=\"560\" height=\"335\" srcset=\"https:\/\/www.giurgiuveanul.ro\/stiri\/wp-content\/uploads\/2021\/03\/expozitie_calatorie_spre_sud_muzeul_hartilor_3-560x335.jpg 560w, https:\/\/www.giurgiuveanul.ro\/stiri\/wp-content\/uploads\/2021\/03\/expozitie_calatorie_spre_sud_muzeul_hartilor_3-250x149.jpg 250w, https:\/\/www.giurgiuveanul.ro\/stiri\/wp-content\/uploads\/2021\/03\/expozitie_calatorie_spre_sud_muzeul_hartilor_3-768x459.jpg 768w, https:\/\/www.giurgiuveanul.ro\/stiri\/wp-content\/uploads\/2021\/03\/expozitie_calatorie_spre_sud_muzeul_hartilor_3-1536x918.jpg 1536w, https:\/\/www.giurgiuveanul.ro\/stiri\/wp-content\/uploads\/2021\/03\/expozitie_calatorie_spre_sud_muzeul_hartilor_3-400x239.jpg 400w, https:\/\/www.giurgiuveanul.ro\/stiri\/wp-content\/uploads\/2021\/03\/expozitie_calatorie_spre_sud_muzeul_hartilor_3.jpg 1828w\" sizes=\"auto, (max-width: 560px) 100vw, 560px\" \/><\/a> <a href=\"https:\/\/www.giurgiuveanul.ro\/stiri\/wp-content\/uploads\/2021\/03\/expozitie_calatorie_spre_sud_muzeul_hartilor_4.jpg\"><img loading=\"lazy\" decoding=\"async\" class=\"aligncenter size-large wp-image-78478\" src=\"https:\/\/www.giurgiuveanul.ro\/stiri\/wp-content\/uploads\/2021\/03\/expozitie_calatorie_spre_sud_muzeul_hartilor_4-560x374.jpg\" alt=\"\" width=\"560\" height=\"374\" srcset=\"https:\/\/www.giurgiuveanul.ro\/stiri\/wp-content\/uploads\/2021\/03\/expozitie_calatorie_spre_sud_muzeul_hartilor_4-560x374.jpg 560w, https:\/\/www.giurgiuveanul.ro\/stiri\/wp-content\/uploads\/2021\/03\/expozitie_calatorie_spre_sud_muzeul_hartilor_4-250x167.jpg 250w, https:\/\/www.giurgiuveanul.ro\/stiri\/wp-content\/uploads\/2021\/03\/expozitie_calatorie_spre_sud_muzeul_hartilor_4-768x513.jpg 768w, https:\/\/www.giurgiuveanul.ro\/stiri\/wp-content\/uploads\/2021\/03\/expozitie_calatorie_spre_sud_muzeul_hartilor_4-1536x1025.jpg 1536w, https:\/\/www.giurgiuveanul.ro\/stiri\/wp-content\/uploads\/2021\/03\/expozitie_calatorie_spre_sud_muzeul_hartilor_4-400x267.jpg 400w, https:\/\/www.giurgiuveanul.ro\/stiri\/wp-content\/uploads\/2021\/03\/expozitie_calatorie_spre_sud_muzeul_hartilor_4.jpg 1730w\" sizes=\"auto, (max-width: 560px) 100vw, 560px\" \/><\/a> <a href=\"https:\/\/www.giurgiuveanul.ro\/stiri\/wp-content\/uploads\/2021\/03\/expozitie_calatorie_spre_sud_muzeul_hartilor_5.jpg\"><img loading=\"lazy\" decoding=\"async\" class=\"aligncenter size-large wp-image-78479\" src=\"https:\/\/www.giurgiuveanul.ro\/stiri\/wp-content\/uploads\/2021\/03\/expozitie_calatorie_spre_sud_muzeul_hartilor_5-560x373.jpg\" alt=\"\" width=\"560\" height=\"373\" srcset=\"https:\/\/www.giurgiuveanul.ro\/stiri\/wp-content\/uploads\/2021\/03\/expozitie_calatorie_spre_sud_muzeul_hartilor_5-560x373.jpg 560w, https:\/\/www.giurgiuveanul.ro\/stiri\/wp-content\/uploads\/2021\/03\/expozitie_calatorie_spre_sud_muzeul_hartilor_5-250x167.jpg 250w, https:\/\/www.giurgiuveanul.ro\/stiri\/wp-content\/uploads\/2021\/03\/expozitie_calatorie_spre_sud_muzeul_hartilor_5-768x512.jpg 768w, https:\/\/www.giurgiuveanul.ro\/stiri\/wp-content\/uploads\/2021\/03\/expozitie_calatorie_spre_sud_muzeul_hartilor_5-1536x1023.jpg 1536w, https:\/\/www.giurgiuveanul.ro\/stiri\/wp-content\/uploads\/2021\/03\/expozitie_calatorie_spre_sud_muzeul_hartilor_5-400x267.jpg 400w, https:\/\/www.giurgiuveanul.ro\/stiri\/wp-content\/uploads\/2021\/03\/expozitie_calatorie_spre_sud_muzeul_hartilor_5.jpg 1732w\" sizes=\"auto, (max-width: 560px) 100vw, 560px\" \/><\/a><\/p>\n","protected":false},"excerpt":{"rendered":"<p>\u00cen perioada<\/p>\n","protected":false},"author":1,"featured_media":0,"comment_status":"open","ping_status":"open","sticky":false,"template":"","format":"standard","meta":{"footnotes":""},"categories":[8],"tags":[],"class_list":["post-78474","post","type-post","status-publish","format-standard","hentry","category-alert-news"],"_links":{"self":[{"href":"https:\/\/www.giurgiuveanul.ro\/stiri\/wp-json\/wp\/v2\/posts\/78474","targetHints":{"allow":["GET"]}}],"collection":[{"href":"https:\/\/www.giurgiuveanul.ro\/stiri\/wp-json\/wp\/v2\/posts"}],"about":[{"href":"https:\/\/www.giurgiuveanul.ro\/stiri\/wp-json\/wp\/v2\/types\/post"}],"author":[{"embeddable":true,"href":"https:\/\/www.giurgiuveanul.ro\/stiri\/wp-json\/wp\/v2\/users\/1"}],"replies":[{"embeddable":true,"href":"https:\/\/www.giurgiuveanul.ro\/stiri\/wp-json\/wp\/v2\/comments?post=78474"}],"version-history":[{"count":0,"href":"https:\/\/www.giurgiuveanul.ro\/stiri\/wp-json\/wp\/v2\/posts\/78474\/revisions"}],"wp:attachment":[{"href":"https:\/\/www.giurgiuveanul.ro\/stiri\/wp-json\/wp\/v2\/media?parent=78474"}],"wp:term":[{"taxonomy":"category","embeddable":true,"href":"https:\/\/www.giurgiuveanul.ro\/stiri\/wp-json\/wp\/v2\/categories?post=78474"},{"taxonomy":"post_tag","embeddable":true,"href":"https:\/\/www.giurgiuveanul.ro\/stiri\/wp-json\/wp\/v2\/tags?post=78474"}],"curies":[{"name":"wp","href":"https:\/\/api.w.org\/{rel}","templated":true}]}}