{"id":78511,"date":"2021-03-24T10:55:43","date_gmt":"2021-03-24T08:55:43","guid":{"rendered":"https:\/\/www.giurgiuveanul.ro\/stiri\/?p=78511"},"modified":"2021-03-24T10:58:45","modified_gmt":"2021-03-24T08:58:45","slug":"astazi-o-copie-a-icoanei-prodomita-din-muntele-athos-adusa-la-biserica-buna-vestire-greceasca-din-giurgiu","status":"publish","type":"post","link":"https:\/\/www.giurgiuveanul.ro\/stiri\/astazi-o-copie-a-icoanei-prodomita-din-muntele-athos-adusa-la-biserica-buna-vestire-greceasca-din-giurgiu\/","title":{"rendered":"O copie a icoanei &#8222;Prodromi\u021ba&#8221; din Muntele Athos, adus\u0103 ast\u0103zi la Biserica \u201eBun\u0103 Vestire\u201d (Greceasc\u0103) din Giurgiu!"},"content":{"rendered":"<p style=\"text-align: justify;\"><a href=\"https:\/\/www.giurgiuveanul.ro\/stiri\/wp-content\/uploads\/2021\/03\/164144921_173509011266479_8819752893460998609_n.jpg\"><img loading=\"lazy\" decoding=\"async\" class=\"aligncenter wp-image-78512\" src=\"https:\/\/www.giurgiuveanul.ro\/stiri\/wp-content\/uploads\/2021\/03\/164144921_173509011266479_8819752893460998609_n-560x277.jpg\" alt=\"\" width=\"588\" height=\"291\" srcset=\"https:\/\/www.giurgiuveanul.ro\/stiri\/wp-content\/uploads\/2021\/03\/164144921_173509011266479_8819752893460998609_n-560x277.jpg 560w, https:\/\/www.giurgiuveanul.ro\/stiri\/wp-content\/uploads\/2021\/03\/164144921_173509011266479_8819752893460998609_n-250x124.jpg 250w, https:\/\/www.giurgiuveanul.ro\/stiri\/wp-content\/uploads\/2021\/03\/164144921_173509011266479_8819752893460998609_n-768x380.jpg 768w, https:\/\/www.giurgiuveanul.ro\/stiri\/wp-content\/uploads\/2021\/03\/164144921_173509011266479_8819752893460998609_n-400x198.jpg 400w, https:\/\/www.giurgiuveanul.ro\/stiri\/wp-content\/uploads\/2021\/03\/164144921_173509011266479_8819752893460998609_n.jpg 814w\" sizes=\"auto, (max-width: 588px) 100vw, 588px\" \/><\/a>Ast\u0103zi<!--more--> \u015fi m\u00e2ine va fi s\u0103rb\u0103torit hramul Bisericii \u201eBun\u0103 Vestire\u201d (Greceasc\u0103), de pe pietonala din Centru, slujba din aceast\u0103 sear\u0103, cu \u00eencepere de la orele 17:99, urm\u00e2nd a fi oficiat\u0103 \u00a0de Preasfin\u0163ia Sa P\u0103rintele Dr. Ambrozie, Episcopul Giurgiului, \u00een coslujire cu preo\u0163ii din parohie \u015fi de la alte biserici din ora\u015f.<\/p>\n<p style=\"text-align: justify;\">Spre bucuria \u0219i m\u00e2ng\u00e2ierea sufleteasc\u0103 a credincio\u015filor, cu binecuv\u00e2ntarea Preasfin\u021bitului P\u0103rinte Dr. Ambrozie, episcopul Giurgiului, o copie a icoanei &#8222;Prodromi\u021ba&#8221;, din Muntele Athos, este adus\u0103 \u00een Biserica BUNA VESTIRE (Greceasc\u0103), de pe pietonala din Centru, doar pe 24 martie.<\/p>\n","protected":false},"excerpt":{"rendered":"<p>Ast\u0103zi<\/p>\n","protected":false},"author":1,"featured_media":0,"comment_status":"open","ping_status":"open","sticky":false,"template":"","format":"standard","meta":{"footnotes":""},"categories":[8],"tags":[],"class_list":["post-78511","post","type-post","status-publish","format-standard","hentry","category-alert-news"],"_links":{"self":[{"href":"https:\/\/www.giurgiuveanul.ro\/stiri\/wp-json\/wp\/v2\/posts\/78511","targetHints":{"allow":["GET"]}}],"collection":[{"href":"https:\/\/www.giurgiuveanul.ro\/stiri\/wp-json\/wp\/v2\/posts"}],"about":[{"href":"https:\/\/www.giurgiuveanul.ro\/stiri\/wp-json\/wp\/v2\/types\/post"}],"author":[{"embeddable":true,"href":"https:\/\/www.giurgiuveanul.ro\/stiri\/wp-json\/wp\/v2\/users\/1"}],"replies":[{"embeddable":true,"href":"https:\/\/www.giurgiuveanul.ro\/stiri\/wp-json\/wp\/v2\/comments?post=78511"}],"version-history":[{"count":0,"href":"https:\/\/www.giurgiuveanul.ro\/stiri\/wp-json\/wp\/v2\/posts\/78511\/revisions"}],"wp:attachment":[{"href":"https:\/\/www.giurgiuveanul.ro\/stiri\/wp-json\/wp\/v2\/media?parent=78511"}],"wp:term":[{"taxonomy":"category","embeddable":true,"href":"https:\/\/www.giurgiuveanul.ro\/stiri\/wp-json\/wp\/v2\/categories?post=78511"},{"taxonomy":"post_tag","embeddable":true,"href":"https:\/\/www.giurgiuveanul.ro\/stiri\/wp-json\/wp\/v2\/tags?post=78511"}],"curies":[{"name":"wp","href":"https:\/\/api.w.org\/{rel}","templated":true}]}}