{"id":78539,"date":"2021-03-25T17:41:47","date_gmt":"2021-03-25T15:41:47","guid":{"rendered":"https:\/\/www.giurgiuveanul.ro\/stiri\/?p=78539"},"modified":"2021-03-25T17:42:18","modified_gmt":"2021-03-25T15:42:18","slug":"la-multi-ani-politia-romana-avansari-de-ziua-politiei-la-giurgiu","status":"publish","type":"post","link":"https:\/\/www.giurgiuveanul.ro\/stiri\/la-multi-ani-politia-romana-avansari-de-ziua-politiei-la-giurgiu\/","title":{"rendered":"LA MUL\u021aI ANI, POLI\u021aIA ROM\u00c2N\u0102! AVANS\u0102RI DE ZIUA POLI\u021aIEI, LA GIURGIU"},"content":{"rendered":"<p style=\"text-align: justify;\"><a href=\"https:\/\/www.giurgiuveanul.ro\/stiri\/wp-content\/uploads\/2021\/03\/IMG_1855-3.jpg\"><img loading=\"lazy\" decoding=\"async\" class=\"aligncenter  wp-image-78540\" src=\"https:\/\/www.giurgiuveanul.ro\/stiri\/wp-content\/uploads\/2021\/03\/IMG_1855-3-560x409.jpg\" alt=\"\" width=\"575\" height=\"420\" srcset=\"https:\/\/www.giurgiuveanul.ro\/stiri\/wp-content\/uploads\/2021\/03\/IMG_1855-3-560x409.jpg 560w, https:\/\/www.giurgiuveanul.ro\/stiri\/wp-content\/uploads\/2021\/03\/IMG_1855-3-250x183.jpg 250w, https:\/\/www.giurgiuveanul.ro\/stiri\/wp-content\/uploads\/2021\/03\/IMG_1855-3-768x561.jpg 768w, https:\/\/www.giurgiuveanul.ro\/stiri\/wp-content\/uploads\/2021\/03\/IMG_1855-3-400x292.jpg 400w, https:\/\/www.giurgiuveanul.ro\/stiri\/wp-content\/uploads\/2021\/03\/IMG_1855-3.jpg 900w\" sizes=\"auto, (max-width: 575px) 100vw, 575px\" \/><\/a>25 Martie<!--more--> a fost, este \u0219i va r\u0103m\u00e2ne o zi special\u0103 pentru noi to\u021bi, cei care purt\u0103m uniforma de poli\u021bie.<\/p>\n<p style=\"text-align: justify;\">Anul acesta, de\u0219i manifest\u0103rile publice dedicate acestui moment lipsesc, \u00een contextul m\u0103surilor de limitare a r\u0103sp\u00e2ndirii COVID-19, Ziua Poli\u021biei Rom\u00e2ne \u00eei reg\u0103se\u0219te pe poli\u021bi\u0219tii giurgiuveni al\u0103turi de cet\u0103\u021beni, \u00een strad\u0103, pentru prevenirea \u0219i combaterea faptelor antisociale \u0219i men\u021binerea unui climat optim de ordine \u0219i siguran\u021b\u0103 public\u0103.<\/p>\n<p style=\"text-align: justify;\">Cu prilejul acestei zile, au fost avansa\u021bi \u00een gradul profesional urm\u0103tor, la termen, 63 de poli\u021bi\u0219ti (13 ofi\u021beri \u0219i 50 de agen\u021bi de poli\u021bie). De asemenea, 12 poli\u021bi\u0219ti (doi ofi\u021beri \u0219i zece agen\u021bi de poli\u021bie) au fost avansa\u021bi \u00een gradul profesional urm\u0103tor, \u00eenainte de \u00eendeplinirea stagiului minim.<\/p>\n<p style=\"text-align: justify;\">Vom continua s\u0103 ne facem datoria cu fermitate, responsabilitate \u0219i profesionalism.<\/p>\n<p style=\"text-align: justify;\">Nu uit\u0103m c\u0103 misiunea noastr\u0103 este aceea de a proteja cet\u0103\u021benii!<\/p>\n<p style=\"text-align: justify;\">Conducerea I.P.J. Giurgiu ureaz\u0103 tuturor poli\u021bi\u0219tilor mult\u0103 s\u0103n\u0103tate, putere de munc\u0103 \u0219i realiz\u0103ri profesionale!<\/p>\n","protected":false},"excerpt":{"rendered":"<p>25 Martie<\/p>\n","protected":false},"author":1,"featured_media":0,"comment_status":"open","ping_status":"open","sticky":false,"template":"","format":"standard","meta":{"footnotes":""},"categories":[8],"tags":[],"class_list":["post-78539","post","type-post","status-publish","format-standard","hentry","category-alert-news"],"_links":{"self":[{"href":"https:\/\/www.giurgiuveanul.ro\/stiri\/wp-json\/wp\/v2\/posts\/78539","targetHints":{"allow":["GET"]}}],"collection":[{"href":"https:\/\/www.giurgiuveanul.ro\/stiri\/wp-json\/wp\/v2\/posts"}],"about":[{"href":"https:\/\/www.giurgiuveanul.ro\/stiri\/wp-json\/wp\/v2\/types\/post"}],"author":[{"embeddable":true,"href":"https:\/\/www.giurgiuveanul.ro\/stiri\/wp-json\/wp\/v2\/users\/1"}],"replies":[{"embeddable":true,"href":"https:\/\/www.giurgiuveanul.ro\/stiri\/wp-json\/wp\/v2\/comments?post=78539"}],"version-history":[{"count":0,"href":"https:\/\/www.giurgiuveanul.ro\/stiri\/wp-json\/wp\/v2\/posts\/78539\/revisions"}],"wp:attachment":[{"href":"https:\/\/www.giurgiuveanul.ro\/stiri\/wp-json\/wp\/v2\/media?parent=78539"}],"wp:term":[{"taxonomy":"category","embeddable":true,"href":"https:\/\/www.giurgiuveanul.ro\/stiri\/wp-json\/wp\/v2\/categories?post=78539"},{"taxonomy":"post_tag","embeddable":true,"href":"https:\/\/www.giurgiuveanul.ro\/stiri\/wp-json\/wp\/v2\/tags?post=78539"}],"curies":[{"name":"wp","href":"https:\/\/api.w.org\/{rel}","templated":true}]}}