{"id":78578,"date":"2021-03-27T13:01:14","date_gmt":"2021-03-27T11:01:14","guid":{"rendered":"https:\/\/www.giurgiuveanul.ro\/stiri\/?p=78578"},"modified":"2021-03-27T13:01:48","modified_gmt":"2021-03-27T11:01:48","slug":"astazi-e-ziua-ta-la-multi-ani-domnule-primar-marian-patuleanu","status":"publish","type":"post","link":"https:\/\/www.giurgiuveanul.ro\/stiri\/astazi-e-ziua-ta-la-multi-ani-domnule-primar-marian-patuleanu\/","title":{"rendered":"Ast\u0103zi e ziua ta: La Mul\u0163i Ani, domnule primar Marian P\u0103tuleanu!"},"content":{"rendered":"<p><a href=\"https:\/\/www.giurgiuveanul.ro\/stiri\/wp-content\/uploads\/2021\/03\/IMG_9413-1.jpg\"><img loading=\"lazy\" decoding=\"async\" class=\"aligncenter wp-image-78579\" src=\"https:\/\/www.giurgiuveanul.ro\/stiri\/wp-content\/uploads\/2021\/03\/IMG_9413-1-538x450.jpg\" alt=\"\" width=\"577\" height=\"483\" srcset=\"https:\/\/www.giurgiuveanul.ro\/stiri\/wp-content\/uploads\/2021\/03\/IMG_9413-1-538x450.jpg 538w, https:\/\/www.giurgiuveanul.ro\/stiri\/wp-content\/uploads\/2021\/03\/IMG_9413-1-250x209.jpg 250w, https:\/\/www.giurgiuveanul.ro\/stiri\/wp-content\/uploads\/2021\/03\/IMG_9413-1-768x642.jpg 768w, https:\/\/www.giurgiuveanul.ro\/stiri\/wp-content\/uploads\/2021\/03\/IMG_9413-1-400x335.jpg 400w, https:\/\/www.giurgiuveanul.ro\/stiri\/wp-content\/uploads\/2021\/03\/IMG_9413-1.jpg 800w\" sizes=\"auto, (max-width: 577px) 100vw, 577px\" \/><\/a>Ast\u0103zi, primarul comunei Singureni, Marian P\u0103tuleanu,<!--more--> se afl\u0103 la ceas aniversar.<\/p>\n<p>Comuna Singureni, din ce \u00een ce mai frumoas\u0103 \u015fi mai curat\u0103, arat\u0103 ast\u0103zi a\u015fa cum arat\u0103 datorit\u0103 edilului-\u015fef Marian P\u0103tuleanu.<\/p>\n<p>Cu aceast\u0103 ocazie, angaja\u0163ii din cadrul Prim\u0103riei Singureni \u00eei ureaz\u0103 \u201eLa Mul\u0163i Ani\u201d, cu s\u0103n\u0103tate, bucurii, fericire \u015fi \u00eempliniri pe plan profesional \u015fi nu numai!<\/p>\n<p>La acestea se adaug\u0103 \u015fi ur\u0103rile noastre sincere de s\u0103n\u0103tate, bucurii \u015fi numai realiz\u0103ri.<\/p>\n<p>Precum anotimpul \u00een care v\u0103 s\u0103rb\u0103tori\u0163i na\u015fterea, s\u0103 v\u0103 fie via\u0163a rodnic\u0103 \u015fi bogat\u0103, plin\u0103 de parfum \u015fi culoare, s\u0103 ave\u0163i parte de realiz\u0103ri \u00een via\u0163a familial\u0103 \u015fi profesional\u0103, de momente de bucurie \u015fi satisfac\u0163ie al\u0103turi de cei dragi.<\/p>\n<p><em>La Mul\u0163i Ani, domnule primar Marian P\u0103tuleanu!<\/em><\/p>\n","protected":false},"excerpt":{"rendered":"<p>Ast\u0103zi, primarul comunei Singureni, Marian P\u0103tuleanu,<\/p>\n","protected":false},"author":1,"featured_media":0,"comment_status":"open","ping_status":"open","sticky":false,"template":"","format":"standard","meta":{"footnotes":""},"categories":[16],"tags":[],"class_list":["post-78578","post","type-post","status-publish","format-standard","hentry","category-astazi-e-ziua-ta"],"_links":{"self":[{"href":"https:\/\/www.giurgiuveanul.ro\/stiri\/wp-json\/wp\/v2\/posts\/78578","targetHints":{"allow":["GET"]}}],"collection":[{"href":"https:\/\/www.giurgiuveanul.ro\/stiri\/wp-json\/wp\/v2\/posts"}],"about":[{"href":"https:\/\/www.giurgiuveanul.ro\/stiri\/wp-json\/wp\/v2\/types\/post"}],"author":[{"embeddable":true,"href":"https:\/\/www.giurgiuveanul.ro\/stiri\/wp-json\/wp\/v2\/users\/1"}],"replies":[{"embeddable":true,"href":"https:\/\/www.giurgiuveanul.ro\/stiri\/wp-json\/wp\/v2\/comments?post=78578"}],"version-history":[{"count":0,"href":"https:\/\/www.giurgiuveanul.ro\/stiri\/wp-json\/wp\/v2\/posts\/78578\/revisions"}],"wp:attachment":[{"href":"https:\/\/www.giurgiuveanul.ro\/stiri\/wp-json\/wp\/v2\/media?parent=78578"}],"wp:term":[{"taxonomy":"category","embeddable":true,"href":"https:\/\/www.giurgiuveanul.ro\/stiri\/wp-json\/wp\/v2\/categories?post=78578"},{"taxonomy":"post_tag","embeddable":true,"href":"https:\/\/www.giurgiuveanul.ro\/stiri\/wp-json\/wp\/v2\/tags?post=78578"}],"curies":[{"name":"wp","href":"https:\/\/api.w.org\/{rel}","templated":true}]}}