{"id":78593,"date":"2021-03-27T18:08:02","date_gmt":"2021-03-27T16:08:02","guid":{"rendered":"https:\/\/www.giurgiuveanul.ro\/stiri\/?p=78593"},"modified":"2021-03-27T18:08:02","modified_gmt":"2021-03-27T16:08:02","slug":"vacanta-de-primavara-va-fi-prelungita-cand-se-incheie-semestrul-al-ii-lea-si-cand-vor-avea-loc-bac-ul-si-evaluarea-nationala","status":"publish","type":"post","link":"https:\/\/www.giurgiuveanul.ro\/stiri\/vacanta-de-primavara-va-fi-prelungita-cand-se-incheie-semestrul-al-ii-lea-si-cand-vor-avea-loc-bac-ul-si-evaluarea-nationala\/","title":{"rendered":"Vacan\u021ba de prim\u0103var\u0103 va fi prelungit\u0103. C\u00e2nd se \u00eencheie semestrul al II-lea \u015fi c\u00e2nd vor avea loc BAC-ul \u0219i Evaluarea Na\u021bional\u0103"},"content":{"rendered":"<p style=\"text-align: justify;\"><a href=\"https:\/\/www.giurgiuveanul.ro\/stiri\/wp-content\/uploads\/2021\/03\/copii.jpg\"><img loading=\"lazy\" decoding=\"async\" class=\"aligncenter size-large wp-image-78594\" src=\"https:\/\/www.giurgiuveanul.ro\/stiri\/wp-content\/uploads\/2021\/03\/copii-560x315.jpg\" alt=\"\" width=\"560\" height=\"315\" srcset=\"https:\/\/www.giurgiuveanul.ro\/stiri\/wp-content\/uploads\/2021\/03\/copii-560x315.jpg 560w, https:\/\/www.giurgiuveanul.ro\/stiri\/wp-content\/uploads\/2021\/03\/copii-250x141.jpg 250w, https:\/\/www.giurgiuveanul.ro\/stiri\/wp-content\/uploads\/2021\/03\/copii-768x432.jpg 768w, https:\/\/www.giurgiuveanul.ro\/stiri\/wp-content\/uploads\/2021\/03\/copii-1536x864.jpg 1536w, https:\/\/www.giurgiuveanul.ro\/stiri\/wp-content\/uploads\/2021\/03\/copii-400x225.jpg 400w, https:\/\/www.giurgiuveanul.ro\/stiri\/wp-content\/uploads\/2021\/03\/copii.jpg 1683w\" sizes=\"auto, (max-width: 560px) 100vw, 560px\" \/><\/a><strong>Ministrul Educa\u021biei a anun\u021bat,<!--more--> recent, c\u0103 vacan\u021ba de prim\u0103var\u0103\u00a0 va fi prelungit\u0103, cu excep\u021bia claselor terminale. De asemenea, Evaluarea Na\u021bional\u0103 \u0219i Bacalaureatul vor avea loc dup\u0103 calendarul deja aprobat.<\/strong><\/p>\n<p class=\"rtejustify\" style=\"text-align: justify;\"><em>\u201dLa sediul Ministerului Educa\u021biei, a avut loc ast\u0103zi \u0219edin\u021ba Comisiei de Dialog Social.<\/em><\/p>\n<p class=\"rtejustify\" style=\"text-align: justify;\"><em>Au participat, al\u0103turi de reprezentan\u021bii Ministerului Educa\u021biei, reprezentan\u021bii federa\u021biilor sindicale reprezentative din \u00eenv\u0103\u021b\u0103m\u00e2nt \u0219i ai asocia\u021biilor patronale, iar \u00een calitate de invita\u021bi, reprezentan\u021bi ai elevilor, studen\u021bilor \u0219i p\u0103rin\u021bilor.<\/em><\/p>\n<p class=\"rtejustify\" style=\"text-align: justify;\"><em>Consult\u0103rile cu partenerii de dialog social au vizat calendarul \u0219i modul de organizare a examenelor na\u021bionale, precum \u0219i propunerile de modificare\/adaptare a structurii anului \u0219colar 2020-2021 la realit\u0103\u021bile impuse de situa\u021bia epidemiologic\u0103.<\/em><\/p>\n<p class=\"rtejustify\" style=\"text-align: justify;\"><em>\u00cen urma consult\u0103rilor deschise \u0219i constructive, lu\u00e2nd \u00een considerare toate propunerile formulate \u00een contextul cre\u0219terii ratei de infectare cu virusul Sars-CoV-2, prin implicarea tuturor factorilor care pot s\u0103 contribuie la implementarea m\u0103surilor necesare pentru bunul mers al procesului de \u00eenv\u0103\u021b\u0103m\u00e2nt \u0219i asigurarea dreptului la educa\u021bie, au rezultat urm\u0103toarele concluzii:<\/em><\/p>\n<p class=\"rtejustify\" style=\"text-align: justify;\"><em>1.\u00a0<strong>Examenele na\u021bionale se vor desf\u0103\u0219ura la datele stabilite<\/strong>, conform calendarelor deja aprobate \u0219i cunoscute: 22 \u2013 25 iunie (Evaluarea Na\u021bional\u0103 a elevilor de clasa a VIII-a) \u0219i 28 iunie \u2013 1 iulie (probele scrise ale examenului de bacalaureat. Probele de competen\u021be din cadrul examenului de bacalaureat vor fi echivalate conform unei proceduri elaborate de c\u0103tre Ministerul Educa\u021biei.<\/em><\/p>\n<p class=\"rtejustify\" style=\"text-align: justify;\"><em>2. Cu excep\u021bia claselor terminale, pentru care structura anului \u0219colar nu va suferi niciun fel de modificare, vacan\u021ba de prim\u0103var\u0103 va \u00eencepe \u00een data de 2 aprilie \u0219i se va \u00eencheia \u00een data de 4 mai.<\/em><\/p>\n<p class=\"rtejustify\" style=\"text-align: justify;\"><em>3.\u00a0<strong>Pentru clasele terminale structura anului \u0219colar NU va suferi niciun fel de modificare<\/strong>, vacan\u021ba\/vacan\u021bele de prim\u0103var\u0103 r\u0103m\u00e2n\u00e2nd la datele planificate \u0219i cunoscute (2 aprilie \u2013 11 mai pentru S\u0103rb\u0103torile Pascale Catolice \u0219i 30 aprilie \u2013 9 mai pentru S\u0103rb\u0103torile Pascale Ortodoxe). \u00cen intervalul 12 aprilie \u2013 29 aprilie, clasele terminale vor participa online la toate activit\u0103\u021bile didactice.<\/em><\/p>\n<p class=\"rtejustify\" style=\"text-align: justify;\"><em>4. Semestrul al II-lea va fi redus cu o s\u0103pt\u0103m\u00e2n\u0103 pentru toate clasele, cu excep\u021bia claselor terminale (grupele din \u00eenv\u0103\u021b\u0103m\u00e2ntul pre\u0219colar, clasa preg\u0103titoare, clasele I \u2013 a VII-a \u0219i clasele a IX-a, a X-a \u0219i a XI-a), acestea urm\u00e2nd a finaliza semestrul \u00een data de 25 iunie, \u00een loc de 18 iunie!<\/em><\/p>\n<p class=\"rtejustify\" style=\"text-align: justify;\"><em>5. Av\u00e2nd \u00een vedere reducerea semestrului al II-lea cu o s\u0103pt\u0103m\u00e2n\u0103, prin sprijinul cadrelor didactice, \u00eentr-un an \u0219colar total atipic, \u00een care tezele semestriale nu se vor mai sus\u021bine \u0219i \u00een care num\u0103rul notelor necesare \u00eencheierii situa\u021biei \u0219colare a fost redus, Ministerul Educa\u021biei apreciaz\u0103 efortul acestora de a comprima perioada de final de semestru necesar\u0103 \u00eencheierii situa\u021biilor \u0219colare.<\/em><\/p>\n<p class=\"rtejustify\" style=\"text-align: justify;\"><em>6.\u00a0<strong>Pentru filiera tehnologic\u0103 \u0219i \u00eenv\u0103\u021b\u0103m\u00e2ntul profesional \u0219i tehnic, finalul semestrului al II-lea va r\u0103m\u00e2ne la datele stabilite \u0219i cunoscute.<\/strong><\/em><\/p>\n<p class=\"rtejustify\" style=\"text-align: justify;\"><em>7.\u00a0<strong>Calendarele activit\u0103\u021bilor aferente definitiv\u0103rii \u0219i titulariz\u0103rii r\u0103m\u00e2n neschimbate<\/strong>.<\/em><\/p>\n<p class=\"rtejustify\" style=\"text-align: justify;\"><em>8. Evalu\u0103rile pentru clasele a II-a, a IV-a \u0219i a VI-a, precum \u0219i pretest\u0103rile PISA r\u0103m\u00e2n programate, \u00een continuare, cu prezen\u021b\u0103 fizic\u0103 \u00een toate \u0219colile care func\u021bioneaz\u0103 \u00een localit\u0103\u021bi necarantinate. Evaluarea na\u021bional\u0103 a elevilor din clasa a II-a se reprogrameaz\u0103 din perioada 20 \u2013 23 aprilie \u00een intervalul 25 \u2013 28 mai.<\/em><\/p>\n<p class=\"rtejustify\" style=\"text-align: justify;\"><em>9. Pentru a reduce inechitatea determinat\u0103 de condi\u021biile speciale, \u00een \u0219colile aflate \u00een localit\u0103\u021bi carantinate, simul\u0103rile pentru clasele terminale \u0219i evalu\u0103rile pentru clasele a II-a, a IV-a \u0219i a VI-a vor putea fi organizate dup\u0103 ie\u0219irea din carantin\u0103.<\/em><\/p>\n<p class=\"rtejustify\" style=\"text-align: justify;\"><em>10.<strong>\u00a0Programul na\u021bional de ac\u021biuni remediale se va derula pe \u00eentreaga durat\u0103 de organizare a\u00a0ac\u021biunilor didactice<\/strong>, \u00een toate \u0219colile aflate \u00een localit\u0103\u021bi \u00een care rata de infectare este mai mic\u0103 de 6\/1000 locuitori\u201d<\/em>, se arat\u0103 \u00eentr-un comunicat al ministrului Educa\u021biei, privind adaptarea structurii anului \u0219colar 2020-2021 la situa\u021bia epidemiologic\u0103 actual\u0103.<\/p>\n","protected":false},"excerpt":{"rendered":"<p>Ministrul Educa\u021biei a anun\u021bat,<\/p>\n","protected":false},"author":1,"featured_media":0,"comment_status":"open","ping_status":"open","sticky":false,"template":"","format":"standard","meta":{"footnotes":""},"categories":[8],"tags":[],"class_list":["post-78593","post","type-post","status-publish","format-standard","hentry","category-alert-news"],"_links":{"self":[{"href":"https:\/\/www.giurgiuveanul.ro\/stiri\/wp-json\/wp\/v2\/posts\/78593","targetHints":{"allow":["GET"]}}],"collection":[{"href":"https:\/\/www.giurgiuveanul.ro\/stiri\/wp-json\/wp\/v2\/posts"}],"about":[{"href":"https:\/\/www.giurgiuveanul.ro\/stiri\/wp-json\/wp\/v2\/types\/post"}],"author":[{"embeddable":true,"href":"https:\/\/www.giurgiuveanul.ro\/stiri\/wp-json\/wp\/v2\/users\/1"}],"replies":[{"embeddable":true,"href":"https:\/\/www.giurgiuveanul.ro\/stiri\/wp-json\/wp\/v2\/comments?post=78593"}],"version-history":[{"count":0,"href":"https:\/\/www.giurgiuveanul.ro\/stiri\/wp-json\/wp\/v2\/posts\/78593\/revisions"}],"wp:attachment":[{"href":"https:\/\/www.giurgiuveanul.ro\/stiri\/wp-json\/wp\/v2\/media?parent=78593"}],"wp:term":[{"taxonomy":"category","embeddable":true,"href":"https:\/\/www.giurgiuveanul.ro\/stiri\/wp-json\/wp\/v2\/categories?post=78593"},{"taxonomy":"post_tag","embeddable":true,"href":"https:\/\/www.giurgiuveanul.ro\/stiri\/wp-json\/wp\/v2\/tags?post=78593"}],"curies":[{"name":"wp","href":"https:\/\/api.w.org\/{rel}","templated":true}]}}