{"id":78659,"date":"2021-03-30T20:11:34","date_gmt":"2021-03-30T17:11:34","guid":{"rendered":"https:\/\/www.giurgiuveanul.ro\/stiri\/?p=78659"},"modified":"2021-03-30T20:11:55","modified_gmt":"2021-03-30T17:11:55","slug":"primarul-adrian-anghelescu-nu-am-amenintat-angajatii-primariei-ingradindu-le-dreptul-de-a-protesta","status":"publish","type":"post","link":"https:\/\/www.giurgiuveanul.ro\/stiri\/primarul-adrian-anghelescu-nu-am-amenintat-angajatii-primariei-ingradindu-le-dreptul-de-a-protesta\/","title":{"rendered":"Primarul Adrian Anghelescu: \u201eNu am amenin\u021bat angaja\u021bii Prim\u0103riei, \u00eengr\u0103dindu-le dreptul de a protesta\u201d"},"content":{"rendered":"<p style=\"text-align: justify;\"><em><a href=\"https:\/\/www.giurgiuveanul.ro\/stiri\/wp-content\/uploads\/2021\/03\/IMG_6485.jpg\"><img loading=\"lazy\" decoding=\"async\" class=\"aligncenter size-large wp-image-78495\" src=\"https:\/\/www.giurgiuveanul.ro\/stiri\/wp-content\/uploads\/2021\/03\/IMG_6485-560x431.jpg\" alt=\"\" width=\"560\" height=\"431\" srcset=\"https:\/\/www.giurgiuveanul.ro\/stiri\/wp-content\/uploads\/2021\/03\/IMG_6485-560x431.jpg 560w, https:\/\/www.giurgiuveanul.ro\/stiri\/wp-content\/uploads\/2021\/03\/IMG_6485-250x193.jpg 250w, https:\/\/www.giurgiuveanul.ro\/stiri\/wp-content\/uploads\/2021\/03\/IMG_6485-768x591.jpg 768w, https:\/\/www.giurgiuveanul.ro\/stiri\/wp-content\/uploads\/2021\/03\/IMG_6485-400x308.jpg 400w, https:\/\/www.giurgiuveanul.ro\/stiri\/wp-content\/uploads\/2021\/03\/IMG_6485.jpg 900w\" sizes=\"auto, (max-width: 560px) 100vw, 560px\" \/><\/a>\u201eAm observat c\u0103<!--more--> pe re\u021belele de socializare este propagat\u0103 ideea c\u0103 amenin\u021b angaja\u021bii Prim\u0103riei, \u00eengradindu-le dreptul de a protesta. Voi respecta \u0219i nu voi \u00eengr\u0103di vreodat\u0103 drepturile \u0219i libert\u0103\u021bile fundamentale ale omului. Nu am f\u0103cut \u0219i nu voi face acest lucru, pentru c\u0103 ne na\u0219tem liberi, iar fiecare persoan\u0103 are dreptul s\u0103 protesteze, s\u0103 emit\u0103 opinii. Sunt drepturi c\u00e2\u0219tigate dup\u0103 1989, reglementate \u00een Constitu\u021bia Rom\u00e2niei.<\/em><\/p>\n<p style=\"text-align: justify;\"><em>De altfel, am respectat ini\u021biativele responsabile \u0219i serioase ale angaja\u021bilor insitu\u021biei pe care o conduc, inclusiv solicit\u0103rile sindicale ale acestora, pentru c\u0103 \u00een\u021beleg importan\u021ba dialogului social.<\/em><\/p>\n<p style=\"text-align: justify;\"><em>To\u021bi cei care m\u0103 cunosc \u0219tiu c\u0103 sunt un adept al principiilor democratice, c\u0103 respect legile \u021b\u0103rii, moralitatea \u0219i conduita societ\u0103\u021bii \u00een care tr\u0103im\u201d,<\/em> a postat primarul <strong>Adrian Anghelescu,<\/strong> pe contul s\u0103u de Facebook.<\/p>\n","protected":false},"excerpt":{"rendered":"<p>\u201eAm observat c\u0103<\/p>\n","protected":false},"author":1,"featured_media":0,"comment_status":"open","ping_status":"open","sticky":false,"template":"","format":"standard","meta":{"footnotes":""},"categories":[8],"tags":[],"class_list":["post-78659","post","type-post","status-publish","format-standard","hentry","category-alert-news"],"_links":{"self":[{"href":"https:\/\/www.giurgiuveanul.ro\/stiri\/wp-json\/wp\/v2\/posts\/78659","targetHints":{"allow":["GET"]}}],"collection":[{"href":"https:\/\/www.giurgiuveanul.ro\/stiri\/wp-json\/wp\/v2\/posts"}],"about":[{"href":"https:\/\/www.giurgiuveanul.ro\/stiri\/wp-json\/wp\/v2\/types\/post"}],"author":[{"embeddable":true,"href":"https:\/\/www.giurgiuveanul.ro\/stiri\/wp-json\/wp\/v2\/users\/1"}],"replies":[{"embeddable":true,"href":"https:\/\/www.giurgiuveanul.ro\/stiri\/wp-json\/wp\/v2\/comments?post=78659"}],"version-history":[{"count":0,"href":"https:\/\/www.giurgiuveanul.ro\/stiri\/wp-json\/wp\/v2\/posts\/78659\/revisions"}],"wp:attachment":[{"href":"https:\/\/www.giurgiuveanul.ro\/stiri\/wp-json\/wp\/v2\/media?parent=78659"}],"wp:term":[{"taxonomy":"category","embeddable":true,"href":"https:\/\/www.giurgiuveanul.ro\/stiri\/wp-json\/wp\/v2\/categories?post=78659"},{"taxonomy":"post_tag","embeddable":true,"href":"https:\/\/www.giurgiuveanul.ro\/stiri\/wp-json\/wp\/v2\/tags?post=78659"}],"curies":[{"name":"wp","href":"https:\/\/api.w.org\/{rel}","templated":true}]}}