{"id":78672,"date":"2021-03-31T10:42:00","date_gmt":"2021-03-31T07:42:00","guid":{"rendered":"https:\/\/www.giurgiuveanul.ro\/stiri\/?p=78672"},"modified":"2021-03-31T10:42:00","modified_gmt":"2021-03-31T07:42:00","slug":"cofetarie-mistuita-de-flacari-foto","status":"publish","type":"post","link":"https:\/\/www.giurgiuveanul.ro\/stiri\/cofetarie-mistuita-de-flacari-foto\/","title":{"rendered":"Cofet\u0103rie mistuit\u0103 de fl\u0103c\u0103ri (FOTO)"},"content":{"rendered":"<p style=\"text-align: justify;\"><a href=\"https:\/\/www.giurgiuveanul.ro\/stiri\/wp-content\/uploads\/2021\/03\/167528535_277397477207363_171337326985461168_n.jpg\"><img loading=\"lazy\" decoding=\"async\" class=\"aligncenter  wp-image-78673\" src=\"https:\/\/www.giurgiuveanul.ro\/stiri\/wp-content\/uploads\/2021\/03\/167528535_277397477207363_171337326985461168_n-450x450.jpg\" alt=\"\" width=\"571\" height=\"571\" srcset=\"https:\/\/www.giurgiuveanul.ro\/stiri\/wp-content\/uploads\/2021\/03\/167528535_277397477207363_171337326985461168_n-450x450.jpg 450w, https:\/\/www.giurgiuveanul.ro\/stiri\/wp-content\/uploads\/2021\/03\/167528535_277397477207363_171337326985461168_n-250x250.jpg 250w, https:\/\/www.giurgiuveanul.ro\/stiri\/wp-content\/uploads\/2021\/03\/167528535_277397477207363_171337326985461168_n-768x768.jpg 768w, https:\/\/www.giurgiuveanul.ro\/stiri\/wp-content\/uploads\/2021\/03\/167528535_277397477207363_171337326985461168_n-200x200.jpg 200w, https:\/\/www.giurgiuveanul.ro\/stiri\/wp-content\/uploads\/2021\/03\/167528535_277397477207363_171337326985461168_n-400x400.jpg 400w, https:\/\/www.giurgiuveanul.ro\/stiri\/wp-content\/uploads\/2021\/03\/167528535_277397477207363_171337326985461168_n.jpg 981w\" sizes=\"auto, (max-width: 571px) 100vw, 571px\" \/><\/a>O cofet\u0103rie<!--more--> din localitatea Gr\u0103di\u0219tea a ars aproape \u00een totalitate, azi-noapte, cel mai probabil din cauza unui scurtciruit. Incendiul a fost observat t\u00e2rziu, iar fl\u0103c\u0103rile au provocat pagube foarte mari, informeaz\u0103 ISU Giurgiu.<\/p>\n<p style=\"text-align: justify;\">La fa\u021ba locului s-au deplasat pompierii din cadrul G\u0103rzii de Interven\u021bie Coliba\u0219i \u0219i Punctului de Lucru C\u0103lug\u0103reni, cu trei autospeciale de stingere cu ap\u0103 \u0219i spum\u0103. Ace\u0219tia au constatat faptul c\u0103 incendiul se manifesta violent \u00een interiorul cl\u0103dirii \u0219i la nivelul acoperi\u0219ului, pe o suprafa\u021b\u0103 de aproximativ 100 mp, exist\u00e2nd posibilitatea de propagare la o locuin\u021b\u0103 vecin\u0103.<\/p>\n<p style=\"text-align: justify;\">Incendiul a fost stins \u00een limitele g\u0103site. A ars spa\u021biul comercial compus dintr-o camer\u0103 de desfacere, o baie, un hol, un laborator, o buc\u0103t\u0103rie \u0219i o teras\u0103. De asemenea au ars mobilier, aparatur\u0103 electronic\u0103 \u0219i electrocasnic\u0103.<\/p>\n<p style=\"text-align: justify;\">Informare preventiv\u0103<\/p>\n<p style=\"text-align: justify;\">Incediile de natur\u0103 electric\u0103 pot fi prevenite dac\u0103 sunt respectate urm\u0103toarele m\u0103suri:<\/p>\n<p style=\"text-align: justify;\">&#8211;\u00a0\u00a0\u00a0\u00a0\u00a0\u00a0\u00a0 efectua\u0163i verificarea periodic\u0103 a instala\u0163iei electrice;<\/p>\n<p style=\"text-align: justify;\">&#8211;\u00a0\u00a0\u00a0\u00a0\u00a0\u00a0\u00a0 nu folosi\u0163i instala\u0163ii electrice improvizate;<\/p>\n<p style=\"text-align: justify;\">&#8211;\u00a0\u00a0\u00a0\u00a0\u00a0\u00a0\u00a0 la suplimentarea receptoarelor asigura\u0163i-v\u0103 c\u0103 instala\u0163ia existent\u0103 poate prelua consumul adi\u0163ional;<\/p>\n<p style=\"text-align: justify;\">&#8211;\u00a0\u00a0\u00a0\u00a0\u00a0\u00a0\u00a0 verifica\u0163i periodic cordoanele de leg\u0103tur\u0103 ale aparatelor electrice \u015fi \u00eenlocui\u0163i-le atunci c\u00e2nd sunt uzate;<\/p>\n<p style=\"text-align: justify;\">&#8211;\u00a0\u00a0\u00a0\u00a0\u00a0\u00a0\u00a0 nu folosi\u0163i prize sau \u00eentrerup\u0103toare sl\u0103bite;<\/p>\n<p style=\"text-align: justify;\">&#8211;\u00a0\u00a0\u00a0\u00a0\u00a0\u00a0\u00a0 nu suprasolicita\u0163i o priz\u0103 deoarece unele incendii se produc din cauza solicit\u0103rii excesive a unei surse de curent;<\/p>\n<p style=\"text-align: justify;\">&#8211;\u00a0\u00a0\u00a0\u00a0\u00a0\u00a0\u00a0 echipa\u021bi tabloul electric cu siguran\u021be corect dimensionate.<\/p>\n","protected":false},"excerpt":{"rendered":"<p>O cofet\u0103rie<\/p>\n","protected":false},"author":1,"featured_media":0,"comment_status":"open","ping_status":"open","sticky":false,"template":"","format":"standard","meta":{"footnotes":""},"categories":[6],"tags":[],"class_list":["post-78672","post","type-post","status-publish","format-standard","hentry","category-breaking-news"],"_links":{"self":[{"href":"https:\/\/www.giurgiuveanul.ro\/stiri\/wp-json\/wp\/v2\/posts\/78672","targetHints":{"allow":["GET"]}}],"collection":[{"href":"https:\/\/www.giurgiuveanul.ro\/stiri\/wp-json\/wp\/v2\/posts"}],"about":[{"href":"https:\/\/www.giurgiuveanul.ro\/stiri\/wp-json\/wp\/v2\/types\/post"}],"author":[{"embeddable":true,"href":"https:\/\/www.giurgiuveanul.ro\/stiri\/wp-json\/wp\/v2\/users\/1"}],"replies":[{"embeddable":true,"href":"https:\/\/www.giurgiuveanul.ro\/stiri\/wp-json\/wp\/v2\/comments?post=78672"}],"version-history":[{"count":0,"href":"https:\/\/www.giurgiuveanul.ro\/stiri\/wp-json\/wp\/v2\/posts\/78672\/revisions"}],"wp:attachment":[{"href":"https:\/\/www.giurgiuveanul.ro\/stiri\/wp-json\/wp\/v2\/media?parent=78672"}],"wp:term":[{"taxonomy":"category","embeddable":true,"href":"https:\/\/www.giurgiuveanul.ro\/stiri\/wp-json\/wp\/v2\/categories?post=78672"},{"taxonomy":"post_tag","embeddable":true,"href":"https:\/\/www.giurgiuveanul.ro\/stiri\/wp-json\/wp\/v2\/tags?post=78672"}],"curies":[{"name":"wp","href":"https:\/\/api.w.org\/{rel}","templated":true}]}}