{"id":78684,"date":"2021-03-31T17:28:44","date_gmt":"2021-03-31T14:28:44","guid":{"rendered":"https:\/\/www.giurgiuveanul.ro\/stiri\/?p=78684"},"modified":"2021-03-31T17:28:44","modified_gmt":"2021-03-31T14:28:44","slug":"accident-rutier-soldat-cu-o-victima-in-municipiul-giurgiu-foto","status":"publish","type":"post","link":"https:\/\/www.giurgiuveanul.ro\/stiri\/accident-rutier-soldat-cu-o-victima-in-municipiul-giurgiu-foto\/","title":{"rendered":"ACCIDENT RUTIER soldat cu o victim\u0103, \u00een municipiul Giurgiu (FOTO)"},"content":{"rendered":"<p><strong><a href=\"https:\/\/www.giurgiuveanul.ro\/stiri\/wp-content\/uploads\/2021\/03\/IMG_0097.jpg\"><img loading=\"lazy\" decoding=\"async\" class=\"aligncenter size-large wp-image-78685\" src=\"https:\/\/www.giurgiuveanul.ro\/stiri\/wp-content\/uploads\/2021\/03\/IMG_0097-560x281.jpg\" alt=\"\" width=\"560\" height=\"281\" srcset=\"https:\/\/www.giurgiuveanul.ro\/stiri\/wp-content\/uploads\/2021\/03\/IMG_0097-560x281.jpg 560w, https:\/\/www.giurgiuveanul.ro\/stiri\/wp-content\/uploads\/2021\/03\/IMG_0097-250x126.jpg 250w, https:\/\/www.giurgiuveanul.ro\/stiri\/wp-content\/uploads\/2021\/03\/IMG_0097-768x386.jpg 768w, https:\/\/www.giurgiuveanul.ro\/stiri\/wp-content\/uploads\/2021\/03\/IMG_0097-400x201.jpg 400w, https:\/\/www.giurgiuveanul.ro\/stiri\/wp-content\/uploads\/2021\/03\/IMG_0097.jpg 900w\" sizes=\"auto, (max-width: 560px) 100vw, 560px\" \/><\/a>Ast\u0103zi, la ora<!--more--> 11.00, pe Bulevardul Nicolae Titulescu a avut loc un accident rutier, \u00een care au fost implicate un autoturism \u0219i un moped, produs de c\u0103tre \u0219oferul autoturismului, o femeie, de 30 de ani, din municipiul Giurgiu, <\/strong><em>informeaz\u0103 purt\u0103torul de cuv\u00e2nt al Inspectoratului de Poli\u0163ie Jude\u0163ean<\/em><strong>.<\/strong><\/p>\n<p>\u00cen urma evenimentului rutier a rezultat r\u0103nirea t\u00e2n\u0103rului, de 16 ani, conduc\u0103torul mopedului, din municipiul Giurgiu, care a fost transportat la spital pentru acordarea de \u00eengrijiri medicale.<\/p>\n<p>Cei doi participan\u021bi la trafic au fost testa\u021bi cu aparatul alcooltest, rezultatele fiind 0.<\/p>\n<p><em>\u201eSe efectueaz\u0103 cercet\u0103ri sub aspectul comiterii infrac\u021biunii de v\u0103t\u0103mare corporal\u0103 din culp\u0103\u201d<\/em>, a mai precizat reprezentantul IPJ Giurgiu.<\/p>\n","protected":false},"excerpt":{"rendered":"<p>Ast\u0103zi, la ora<\/p>\n","protected":false},"author":1,"featured_media":0,"comment_status":"open","ping_status":"open","sticky":false,"template":"","format":"standard","meta":{"footnotes":""},"categories":[6],"tags":[],"class_list":["post-78684","post","type-post","status-publish","format-standard","hentry","category-breaking-news"],"_links":{"self":[{"href":"https:\/\/www.giurgiuveanul.ro\/stiri\/wp-json\/wp\/v2\/posts\/78684","targetHints":{"allow":["GET"]}}],"collection":[{"href":"https:\/\/www.giurgiuveanul.ro\/stiri\/wp-json\/wp\/v2\/posts"}],"about":[{"href":"https:\/\/www.giurgiuveanul.ro\/stiri\/wp-json\/wp\/v2\/types\/post"}],"author":[{"embeddable":true,"href":"https:\/\/www.giurgiuveanul.ro\/stiri\/wp-json\/wp\/v2\/users\/1"}],"replies":[{"embeddable":true,"href":"https:\/\/www.giurgiuveanul.ro\/stiri\/wp-json\/wp\/v2\/comments?post=78684"}],"version-history":[{"count":0,"href":"https:\/\/www.giurgiuveanul.ro\/stiri\/wp-json\/wp\/v2\/posts\/78684\/revisions"}],"wp:attachment":[{"href":"https:\/\/www.giurgiuveanul.ro\/stiri\/wp-json\/wp\/v2\/media?parent=78684"}],"wp:term":[{"taxonomy":"category","embeddable":true,"href":"https:\/\/www.giurgiuveanul.ro\/stiri\/wp-json\/wp\/v2\/categories?post=78684"},{"taxonomy":"post_tag","embeddable":true,"href":"https:\/\/www.giurgiuveanul.ro\/stiri\/wp-json\/wp\/v2\/tags?post=78684"}],"curies":[{"name":"wp","href":"https:\/\/api.w.org\/{rel}","templated":true}]}}