{"id":78689,"date":"2021-03-31T19:24:20","date_gmt":"2021-03-31T16:24:20","guid":{"rendered":"https:\/\/www.giurgiuveanul.ro\/stiri\/?p=78689"},"modified":"2021-03-31T19:24:48","modified_gmt":"2021-03-31T16:24:48","slug":"giurgiuvean-condamnat-la-patru-ani-si-opt-luni-inchisoare-pentru-evaziune-fiscala","status":"publish","type":"post","link":"https:\/\/www.giurgiuveanul.ro\/stiri\/giurgiuvean-condamnat-la-patru-ani-si-opt-luni-inchisoare-pentru-evaziune-fiscala\/","title":{"rendered":"Giurgiuvean condamnat la patru ani \u0219i opt luni \u00eenchisoare pentru evaziune fiscal\u0103"},"content":{"rendered":"<p style=\"text-align: justify;\"><a href=\"https:\/\/www.giurgiuveanul.ro\/stiri\/wp-content\/uploads\/2021\/03\/unnamed-1.jpg\"><img loading=\"lazy\" decoding=\"async\" class=\"aligncenter wp-image-78208\" src=\"https:\/\/www.giurgiuveanul.ro\/stiri\/wp-content\/uploads\/2021\/03\/unnamed-1.jpg\" alt=\"\" width=\"583\" height=\"408\" srcset=\"https:\/\/www.giurgiuveanul.ro\/stiri\/wp-content\/uploads\/2021\/03\/unnamed-1.jpg 512w, https:\/\/www.giurgiuveanul.ro\/stiri\/wp-content\/uploads\/2021\/03\/unnamed-1-250x175.jpg 250w, https:\/\/www.giurgiuveanul.ro\/stiri\/wp-content\/uploads\/2021\/03\/unnamed-1-400x280.jpg 400w\" sizes=\"auto, (max-width: 583px) 100vw, 583px\" \/><\/a>Poli\u021bi\u0219tii Serviciului Investiga\u021bii Criminale,<!--more--> \u00eempreun\u0103 cu poli\u021bi\u0219ti din cadrul Poli\u021biei Ora\u0219 Bolintin Vale, au depistat recent un b\u0103rbat, de 47 de ani, din ora\u0219ul Bolintin Vale, pe numele c\u0103ruia Tribunalul Giurgiu a emis mandat de executare a pedepsei cu \u00eenchisoarea, fiind condamnat la o pedeaps\u0103 de 4 ani \u0219i 8 luni \u00eenchisoare pentru s\u0103v\u00e2r\u0219irea infrac\u021biunii de evaziune fiscal\u0103.<\/p>\n<p style=\"text-align: justify;\">Persoana depistat\u0103 a fost condus\u0103 la sediul Poli\u021bie Ora\u0219 Bolintin Vale unde i-a fost \u00eentocmit\u0103 documenta\u021bia necesar\u0103 \u00eencarcer\u0103rii, fiind depus\u0103 ulterior \u00een Penitenciarul de Maxim\u0103 Siguran\u021b\u0103 Giurgiu.<\/p>\n","protected":false},"excerpt":{"rendered":"<p>Poli\u021bi\u0219tii Serviciului Investiga\u021bii Criminale,<\/p>\n","protected":false},"author":1,"featured_media":0,"comment_status":"open","ping_status":"open","sticky":false,"template":"","format":"standard","meta":{"footnotes":""},"categories":[6],"tags":[],"class_list":["post-78689","post","type-post","status-publish","format-standard","hentry","category-breaking-news"],"_links":{"self":[{"href":"https:\/\/www.giurgiuveanul.ro\/stiri\/wp-json\/wp\/v2\/posts\/78689","targetHints":{"allow":["GET"]}}],"collection":[{"href":"https:\/\/www.giurgiuveanul.ro\/stiri\/wp-json\/wp\/v2\/posts"}],"about":[{"href":"https:\/\/www.giurgiuveanul.ro\/stiri\/wp-json\/wp\/v2\/types\/post"}],"author":[{"embeddable":true,"href":"https:\/\/www.giurgiuveanul.ro\/stiri\/wp-json\/wp\/v2\/users\/1"}],"replies":[{"embeddable":true,"href":"https:\/\/www.giurgiuveanul.ro\/stiri\/wp-json\/wp\/v2\/comments?post=78689"}],"version-history":[{"count":0,"href":"https:\/\/www.giurgiuveanul.ro\/stiri\/wp-json\/wp\/v2\/posts\/78689\/revisions"}],"wp:attachment":[{"href":"https:\/\/www.giurgiuveanul.ro\/stiri\/wp-json\/wp\/v2\/media?parent=78689"}],"wp:term":[{"taxonomy":"category","embeddable":true,"href":"https:\/\/www.giurgiuveanul.ro\/stiri\/wp-json\/wp\/v2\/categories?post=78689"},{"taxonomy":"post_tag","embeddable":true,"href":"https:\/\/www.giurgiuveanul.ro\/stiri\/wp-json\/wp\/v2\/tags?post=78689"}],"curies":[{"name":"wp","href":"https:\/\/api.w.org\/{rel}","templated":true}]}}