{"id":78699,"date":"2021-04-01T11:42:12","date_gmt":"2021-04-01T08:42:12","guid":{"rendered":"https:\/\/www.giurgiuveanul.ro\/stiri\/?p=78699"},"modified":"2021-04-01T11:43:06","modified_gmt":"2021-04-01T08:43:06","slug":"inca-un-giurgiuvean-si-a-incheiat-socotelile-cu-viata","status":"publish","type":"post","link":"https:\/\/www.giurgiuveanul.ro\/stiri\/inca-un-giurgiuvean-si-a-incheiat-socotelile-cu-viata\/","title":{"rendered":"\u00cenc\u0103 un giurgiuvean \u015fi-a \u00eencheiat socotelile cu via\u0163a"},"content":{"rendered":"<p style=\"text-align: justify;\"><a href=\"https:\/\/www.giurgiuveanul.ro\/stiri\/wp-content\/uploads\/2021\/04\/copil-spanzurat-sinucidere-1024x614-1.jpg\"><img loading=\"lazy\" decoding=\"async\" class=\"aligncenter wp-image-78700\" src=\"https:\/\/www.giurgiuveanul.ro\/stiri\/wp-content\/uploads\/2021\/04\/copil-spanzurat-sinucidere-1024x614-1-560x315.jpg\" alt=\"\" width=\"574\" height=\"323\" srcset=\"https:\/\/www.giurgiuveanul.ro\/stiri\/wp-content\/uploads\/2021\/04\/copil-spanzurat-sinucidere-1024x614-1-560x315.jpg 560w, https:\/\/www.giurgiuveanul.ro\/stiri\/wp-content\/uploads\/2021\/04\/copil-spanzurat-sinucidere-1024x614-1-250x141.jpg 250w, https:\/\/www.giurgiuveanul.ro\/stiri\/wp-content\/uploads\/2021\/04\/copil-spanzurat-sinucidere-1024x614-1-400x225.jpg 400w, https:\/\/www.giurgiuveanul.ro\/stiri\/wp-content\/uploads\/2021\/04\/copil-spanzurat-sinucidere-1024x614-1.jpg 664w\" sizes=\"auto, (max-width: 574px) 100vw, 574px\" \/><\/a><strong>Poli\u021bia<!--more--> Ora\u0219ului Bolintin-Vale a fost sesizat\u0103, la data de 31 martie a.c., ora 15.30, \u00a0prin SNUAU 112, de c\u0103tre o femeie, cu privire la faptul c\u0103 un b\u0103rbat s-a sp\u00e2nzurat \u00een locuin\u021ba acestuia din satul Suseni, jude\u021bul Giurgiu.<\/strong><\/p>\n<p style=\"text-align: justify;\">In baza sesiz\u0103rii poli\u021bi\u0219tii s-au deplasat la fa\u021ba locului, ocazie cu care au identificat \u00eentr-o anex\u0103 a gospod\u0103riei, un b\u0103rbat, de 68 de ani, sp\u00e2nzurat cu o sfoar\u0103 de o grind\u0103 metalic\u0103.<\/p>\n<p style=\"text-align: justify;\">B\u0103rbatul nu prezenta urme vizibile de violen\u021b\u0103.<\/p>\n<p style=\"text-align: justify;\"><em>\u201eA fost \u00eentocmit dosar penal \u00een care se efectueaz\u0103 cercet\u0103ri sub aspectul s\u0103v\u00e2r\u0219irii infrac\u021biunii de moarte suspect\u0103\u201d<\/em>, a precizat purt\u0103torul de cuv\u00e2nt al IPJ Giurgiu.<\/p>\n","protected":false},"excerpt":{"rendered":"<p>Poli\u021bia<\/p>\n","protected":false},"author":1,"featured_media":0,"comment_status":"open","ping_status":"open","sticky":false,"template":"","format":"standard","meta":{"footnotes":""},"categories":[6],"tags":[],"class_list":["post-78699","post","type-post","status-publish","format-standard","hentry","category-breaking-news"],"_links":{"self":[{"href":"https:\/\/www.giurgiuveanul.ro\/stiri\/wp-json\/wp\/v2\/posts\/78699","targetHints":{"allow":["GET"]}}],"collection":[{"href":"https:\/\/www.giurgiuveanul.ro\/stiri\/wp-json\/wp\/v2\/posts"}],"about":[{"href":"https:\/\/www.giurgiuveanul.ro\/stiri\/wp-json\/wp\/v2\/types\/post"}],"author":[{"embeddable":true,"href":"https:\/\/www.giurgiuveanul.ro\/stiri\/wp-json\/wp\/v2\/users\/1"}],"replies":[{"embeddable":true,"href":"https:\/\/www.giurgiuveanul.ro\/stiri\/wp-json\/wp\/v2\/comments?post=78699"}],"version-history":[{"count":0,"href":"https:\/\/www.giurgiuveanul.ro\/stiri\/wp-json\/wp\/v2\/posts\/78699\/revisions"}],"wp:attachment":[{"href":"https:\/\/www.giurgiuveanul.ro\/stiri\/wp-json\/wp\/v2\/media?parent=78699"}],"wp:term":[{"taxonomy":"category","embeddable":true,"href":"https:\/\/www.giurgiuveanul.ro\/stiri\/wp-json\/wp\/v2\/categories?post=78699"},{"taxonomy":"post_tag","embeddable":true,"href":"https:\/\/www.giurgiuveanul.ro\/stiri\/wp-json\/wp\/v2\/tags?post=78699"}],"curies":[{"name":"wp","href":"https:\/\/api.w.org\/{rel}","templated":true}]}}