{"id":78754,"date":"2021-04-04T12:34:37","date_gmt":"2021-04-04T09:34:37","guid":{"rendered":"https:\/\/www.giurgiuveanul.ro\/stiri\/?p=78754"},"modified":"2021-04-04T12:47:21","modified_gmt":"2021-04-04T09:47:21","slug":"astazi-este-pastele-catolic-paste-fericit-si-hristos-a-inviat-cititorilor-nostri-de-rit-latin","status":"publish","type":"post","link":"https:\/\/www.giurgiuveanul.ro\/stiri\/astazi-este-pastele-catolic-paste-fericit-si-hristos-a-inviat-cititorilor-nostri-de-rit-latin\/","title":{"rendered":"Ast\u0103zi este Pa\u0219tele catolic! Pa\u015fte Fericit \u015fi Hristos a \u00cenviat, cititorilor no\u015ftri de rit latin!"},"content":{"rendered":"<p style=\"text-align: justify;\"><strong><a href=\"https:\/\/www.giurgiuveanul.ro\/stiri\/wp-content\/uploads\/2021\/04\/12022414_456672581199446_7731462513370603561_o.jpg\"><img loading=\"lazy\" decoding=\"async\" class=\"aligncenter wp-image-78755\" src=\"https:\/\/www.giurgiuveanul.ro\/stiri\/wp-content\/uploads\/2021\/04\/12022414_456672581199446_7731462513370603561_o-548x450.jpg\" alt=\"\" width=\"575\" height=\"472\" srcset=\"https:\/\/www.giurgiuveanul.ro\/stiri\/wp-content\/uploads\/2021\/04\/12022414_456672581199446_7731462513370603561_o-548x450.jpg 548w, https:\/\/www.giurgiuveanul.ro\/stiri\/wp-content\/uploads\/2021\/04\/12022414_456672581199446_7731462513370603561_o-250x205.jpg 250w, https:\/\/www.giurgiuveanul.ro\/stiri\/wp-content\/uploads\/2021\/04\/12022414_456672581199446_7731462513370603561_o-768x631.jpg 768w, https:\/\/www.giurgiuveanul.ro\/stiri\/wp-content\/uploads\/2021\/04\/12022414_456672581199446_7731462513370603561_o-1536x1262.jpg 1536w, https:\/\/www.giurgiuveanul.ro\/stiri\/wp-content\/uploads\/2021\/04\/12022414_456672581199446_7731462513370603561_o-400x329.jpg 400w, https:\/\/www.giurgiuveanul.ro\/stiri\/wp-content\/uploads\/2021\/04\/12022414_456672581199446_7731462513370603561_o.jpg 2048w\" sizes=\"auto, (max-width: 575px) 100vw, 575px\" \/><\/a>Este o zi sf\u00e2nt\u0103 pentru credincio\u015fii catolici \u015fi protestan\u0163i,<!--more--> care s\u0103rb\u0103toresc \u00cenvierea Domnului, cea mai important\u0103 s\u0103rb\u0103toare a cre\u015ftin\u0103t\u0103\u0163ii, pentru al doilea an \u00een pandemie.<\/strong><\/p>\n<p><a href=\"https:\/\/www.giurgiuveanul.ro\/stiri\/wp-content\/uploads\/2021\/04\/Paste-Fericit-2010-01.jpg\"><img loading=\"lazy\" decoding=\"async\" class=\"aligncenter size-large wp-image-78757\" src=\"https:\/\/www.giurgiuveanul.ro\/stiri\/wp-content\/uploads\/2021\/04\/Paste-Fericit-2010-01-560x373.jpg\" alt=\"\" width=\"560\" height=\"373\" srcset=\"https:\/\/www.giurgiuveanul.ro\/stiri\/wp-content\/uploads\/2021\/04\/Paste-Fericit-2010-01-560x373.jpg 560w, https:\/\/www.giurgiuveanul.ro\/stiri\/wp-content\/uploads\/2021\/04\/Paste-Fericit-2010-01-250x167.jpg 250w, https:\/\/www.giurgiuveanul.ro\/stiri\/wp-content\/uploads\/2021\/04\/Paste-Fericit-2010-01-768x512.jpg 768w, https:\/\/www.giurgiuveanul.ro\/stiri\/wp-content\/uploads\/2021\/04\/Paste-Fericit-2010-01-400x267.jpg 400w, https:\/\/www.giurgiuveanul.ro\/stiri\/wp-content\/uploads\/2021\/04\/Paste-Fericit-2010-01.jpg 800w\" sizes=\"auto, (max-width: 560px) 100vw, 560px\" \/><\/a><\/p>\n<p style=\"text-align: justify;\">Din totalul popula\u021biei UE, de aproximativ 511,8 milioane de locuitori, peste 233 de milioane se declar\u0103 catolici. Conform informa\u021biilor publicate de Eurostatat, la nivelul UE, peste 11% dintre cet\u0103\u021beni se declar\u0103 protestan\u021bi, aproximativ 56,3 milioane de europeni. Astfel, num\u0103rul persoanelor care s\u0103rb\u0103toresc ast\u0103zi Pa\u0219tele se ridic\u0103 la aproape 290 de milioane.<\/p>\n<p style=\"text-align: justify;\">\u021a\u0103rile unde sunt \u00eenregistrate cele mai mici procente ale cet\u0103\u021benilor catolici sunt Finlanda, doar 0,1%, Grecia (0,4%) \u0219i Danemarca (1,2%).<\/p>\n<p style=\"text-align: justify;\">La polul opus se afl\u0103 Malta, unde 95% dintre cet\u0103\u021beni sunt catolici, urmat\u0103 de Polonia (90,7%) \u0219i Lituania (87,7%).<\/p>\n<p style=\"text-align: justify;\">Credincio\u0219ii romano-catolici au o pondere de aproximativ 5,3% din popula\u021bia Rom\u00e2niei, a\u0219adar peste 1 un milion de rom\u00e2ni s\u0103rb\u0103toresc ast\u0103zi \u00cenvierea Domnului.<\/p>\n<p style=\"text-align: justify;\">\u015ei \u00een Giurgiu exist\u0103 o comunitate de credincio\u015fi romano-catolici, care au un l\u0103ca\u015f de cult, proet paroh fiin p\u0103rintele Marius Ant\u0103lu\u0163e.<\/p>\n<p><a href=\"https:\/\/www.giurgiuveanul.ro\/stiri\/wp-content\/uploads\/2021\/04\/biserica-Catolica-din-Giurgiu.jpg\"><img loading=\"lazy\" decoding=\"async\" class=\"aligncenter wp-image-78756\" src=\"https:\/\/www.giurgiuveanul.ro\/stiri\/wp-content\/uploads\/2021\/04\/biserica-Catolica-din-Giurgiu-349x450.jpg\" alt=\"\" width=\"550\" height=\"710\" srcset=\"https:\/\/www.giurgiuveanul.ro\/stiri\/wp-content\/uploads\/2021\/04\/biserica-Catolica-din-Giurgiu-349x450.jpg 349w, https:\/\/www.giurgiuveanul.ro\/stiri\/wp-content\/uploads\/2021\/04\/biserica-Catolica-din-Giurgiu-233x300.jpg 233w, https:\/\/www.giurgiuveanul.ro\/stiri\/wp-content\/uploads\/2021\/04\/biserica-Catolica-din-Giurgiu-768x990.jpg 768w, https:\/\/www.giurgiuveanul.ro\/stiri\/wp-content\/uploads\/2021\/04\/biserica-Catolica-din-Giurgiu-400x516.jpg 400w, https:\/\/www.giurgiuveanul.ro\/stiri\/wp-content\/uploads\/2021\/04\/biserica-Catolica-din-Giurgiu.jpg 800w\" sizes=\"auto, (max-width: 550px) 100vw, 550px\" \/><\/a><a href=\"https:\/\/www.giurgiuveanul.ro\/stiri\/wp-content\/uploads\/2021\/04\/pr-antaluta.jpg\"><img loading=\"lazy\" decoding=\"async\" class=\"aligncenter size-full wp-image-78758\" src=\"https:\/\/www.giurgiuveanul.ro\/stiri\/wp-content\/uploads\/2021\/04\/pr-antaluta.jpg\" alt=\"\" width=\"560\" height=\"407\" srcset=\"https:\/\/www.giurgiuveanul.ro\/stiri\/wp-content\/uploads\/2021\/04\/pr-antaluta.jpg 560w, https:\/\/www.giurgiuveanul.ro\/stiri\/wp-content\/uploads\/2021\/04\/pr-antaluta-250x182.jpg 250w, https:\/\/www.giurgiuveanul.ro\/stiri\/wp-content\/uploads\/2021\/04\/pr-antaluta-400x291.jpg 400w\" sizes=\"auto, (max-width: 560px) 100vw, 560px\" \/><\/a><\/p>\n<p style=\"text-align: justify;\"><strong>Tuturor cititorilor no\u015ftri romano-catolici \u015fi protestan\u0163i, care s\u0103rb\u0103toresc \u00cenvierea Domnului, le ur\u0103m un Pa\u015fte Fericit! Hristos a \u00eenviat!<\/strong><\/p>\n<p><a href=\"https:\/\/www.giurgiuveanul.ro\/stiri\/wp-content\/uploads\/2021\/04\/169046607_1612667132266646_7146729409955773433_n.jpg\"><img loading=\"lazy\" decoding=\"async\" class=\"aligncenter  wp-image-78761\" src=\"https:\/\/www.giurgiuveanul.ro\/stiri\/wp-content\/uploads\/2021\/04\/169046607_1612667132266646_7146729409955773433_n-336x450.jpg\" alt=\"\" width=\"558\" height=\"748\" srcset=\"https:\/\/www.giurgiuveanul.ro\/stiri\/wp-content\/uploads\/2021\/04\/169046607_1612667132266646_7146729409955773433_n-336x450.jpg 336w, https:\/\/www.giurgiuveanul.ro\/stiri\/wp-content\/uploads\/2021\/04\/169046607_1612667132266646_7146729409955773433_n-224x300.jpg 224w, https:\/\/www.giurgiuveanul.ro\/stiri\/wp-content\/uploads\/2021\/04\/169046607_1612667132266646_7146729409955773433_n-768x1028.jpg 768w, https:\/\/www.giurgiuveanul.ro\/stiri\/wp-content\/uploads\/2021\/04\/169046607_1612667132266646_7146729409955773433_n-1148x1536.jpg 1148w, https:\/\/www.giurgiuveanul.ro\/stiri\/wp-content\/uploads\/2021\/04\/169046607_1612667132266646_7146729409955773433_n-400x535.jpg 400w, https:\/\/www.giurgiuveanul.ro\/stiri\/wp-content\/uploads\/2021\/04\/169046607_1612667132266646_7146729409955773433_n.jpg 1308w\" sizes=\"auto, (max-width: 558px) 100vw, 558px\" \/><\/a><\/p>\n<p>N.R. Fotografiile sunt din arhiv\u0103.<\/p>\n","protected":false},"excerpt":{"rendered":"<p>Este o zi sf\u00e2nt\u0103 pentru credincio\u015fii catolici \u015fi protestan\u0163i,<\/p>\n","protected":false},"author":1,"featured_media":0,"comment_status":"open","ping_status":"open","sticky":false,"template":"","format":"standard","meta":{"footnotes":""},"categories":[6],"tags":[],"class_list":["post-78754","post","type-post","status-publish","format-standard","hentry","category-breaking-news"],"_links":{"self":[{"href":"https:\/\/www.giurgiuveanul.ro\/stiri\/wp-json\/wp\/v2\/posts\/78754","targetHints":{"allow":["GET"]}}],"collection":[{"href":"https:\/\/www.giurgiuveanul.ro\/stiri\/wp-json\/wp\/v2\/posts"}],"about":[{"href":"https:\/\/www.giurgiuveanul.ro\/stiri\/wp-json\/wp\/v2\/types\/post"}],"author":[{"embeddable":true,"href":"https:\/\/www.giurgiuveanul.ro\/stiri\/wp-json\/wp\/v2\/users\/1"}],"replies":[{"embeddable":true,"href":"https:\/\/www.giurgiuveanul.ro\/stiri\/wp-json\/wp\/v2\/comments?post=78754"}],"version-history":[{"count":0,"href":"https:\/\/www.giurgiuveanul.ro\/stiri\/wp-json\/wp\/v2\/posts\/78754\/revisions"}],"wp:attachment":[{"href":"https:\/\/www.giurgiuveanul.ro\/stiri\/wp-json\/wp\/v2\/media?parent=78754"}],"wp:term":[{"taxonomy":"category","embeddable":true,"href":"https:\/\/www.giurgiuveanul.ro\/stiri\/wp-json\/wp\/v2\/categories?post=78754"},{"taxonomy":"post_tag","embeddable":true,"href":"https:\/\/www.giurgiuveanul.ro\/stiri\/wp-json\/wp\/v2\/tags?post=78754"}],"curies":[{"name":"wp","href":"https:\/\/api.w.org\/{rel}","templated":true}]}}