{"id":78763,"date":"2021-04-04T13:05:50","date_gmt":"2021-04-04T10:05:50","guid":{"rendered":"https:\/\/www.giurgiuveanul.ro\/stiri\/?p=78763"},"modified":"2021-04-04T13:06:29","modified_gmt":"2021-04-04T10:06:29","slug":"toate-categoriile-de-contribuabili-pot-conecta-din-data-de-31-martie-2021-aparatele-de-marcat-electronice-fiscale-la-sistemul-informatic-al-mf-anaf","status":"publish","type":"post","link":"https:\/\/www.giurgiuveanul.ro\/stiri\/toate-categoriile-de-contribuabili-pot-conecta-din-data-de-31-martie-2021-aparatele-de-marcat-electronice-fiscale-la-sistemul-informatic-al-mf-anaf\/","title":{"rendered":"Toate categoriile de contribuabili pot conecta din data de 31 martie 2021 aparatele de marcat electronice fiscale la sistemul informatic al MF &#8211; ANAF"},"content":{"rendered":"<p style=\"text-align: justify;\"><a href=\"https:\/\/www.giurgiuveanul.ro\/stiri\/wp-content\/uploads\/2021\/04\/anaf-giurgiu-.jpg\"><img loading=\"lazy\" decoding=\"async\" class=\"aligncenter  wp-image-78764\" src=\"https:\/\/www.giurgiuveanul.ro\/stiri\/wp-content\/uploads\/2021\/04\/anaf-giurgiu--560x330.jpg\" alt=\"\" width=\"582\" height=\"343\" srcset=\"https:\/\/www.giurgiuveanul.ro\/stiri\/wp-content\/uploads\/2021\/04\/anaf-giurgiu--560x330.jpg 560w, https:\/\/www.giurgiuveanul.ro\/stiri\/wp-content\/uploads\/2021\/04\/anaf-giurgiu--250x148.jpg 250w, https:\/\/www.giurgiuveanul.ro\/stiri\/wp-content\/uploads\/2021\/04\/anaf-giurgiu--768x453.jpg 768w, https:\/\/www.giurgiuveanul.ro\/stiri\/wp-content\/uploads\/2021\/04\/anaf-giurgiu--400x236.jpg 400w, https:\/\/www.giurgiuveanul.ro\/stiri\/wp-content\/uploads\/2021\/04\/anaf-giurgiu-.jpg 800w\" sizes=\"auto, (max-width: 582px) 100vw, 582px\" \/><\/a>Administra\u0163ia Jude\u0163ean\u0103 a Finan\u0163elor Publice Giurgiu informeaz\u0103 contribuabilii cu privire la<!--more--> publicarea \u00een Monitorul Oficial al Rom\u00e2niei nr. 319 din 30 martie 2021 a O.P.A.N.A.F. nr. 435 din 25 martie 2021 privind aprobarea procedurii de conectare a aparatelor de marcat electronice fiscale, definite la art. 3 alin. (2) din Ordonan\u021ba de urgen\u021b\u0103 a Guvernului nr. 28\/1999 privind obliga\u021bia operatorilor economici de a utiliza aparate de marcat electronice fiscale, la sistemul informatic na\u021bional de supraveghere \u0219i monitorizare a datelor fiscale al Agen\u021biei Na\u021bionale de Administrare Fiscal\u0103.<\/p>\n<p style=\"text-align: justify;\">Termenele limit\u0103 de conectare pentru aparatele de marcat electronice fiscale sunt:<\/p>\n<p style=\"text-align: justify;\">&#8211; 30.06.2021 &#8211; pentru aparatele de marcat electronice fiscale de\u021binute de operatori economici \u00eencadra\u0163i \u00een categoria marilor contribuabili;<\/p>\n<p style=\"text-align: justify;\">&#8211; 30.11.2021 &#8211; pentru aparatele de marcat electronice fiscale de\u021binute de operatori economici \u00eencadrati \u00een categoria contribuabililor mici \u015fi mijlocii;<\/p>\n<p style=\"text-align: justify;\">&#8211; la momentul fiscaliz\u0103rii, dac\u0103 aceast\u0103 opera\u021biune se realizeaz\u0103 ulterior datelor 30.06.2021, respectiv 30.11.2021, \u00een func\u021bie de categoria operatorilor economici care de\u021bin aparatele de marcat electronice fiscale.<\/p>\n<p style=\"text-align: justify;\"><strong>FOARTE IMPORTANT<\/strong><strong>:<\/strong> toate categoriile de contribuabili se pot conecta \u00eencep\u00e2nd cu 31.03.2021.<\/p>\n<p style=\"text-align: justify;\">De asemenea, v\u0103 inform\u0103m c\u0103 pe site-ul <a href=\"http:\/\/www.anaf.ro,\">www.anaf.ro,<\/a> sec\u0163iunea \u201cServicii on line\u201d, subsec\u0163iunea \u201cAparate de marcat electronice\u201d a fost publicat Ghidul cu privire la conectarea aparatelor de marcat electronice fiscale la sistemul informatic al MF &#8211; ANAF.<\/p>\n<p style=\"text-align: center;\"><em><strong>Administra\u0163ia Jude\u0163ean\u0103 a Finan\u0163elor Publice Giurgiu<\/strong><\/em><\/p>\n","protected":false},"excerpt":{"rendered":"<p>Administra\u0163ia Jude\u0163ean\u0103 a Finan\u0163elor Publice Giurgiu informeaz\u0103 contribuabilii cu privire la<\/p>\n","protected":false},"author":1,"featured_media":0,"comment_status":"open","ping_status":"open","sticky":false,"template":"","format":"standard","meta":{"footnotes":""},"categories":[8],"tags":[],"class_list":["post-78763","post","type-post","status-publish","format-standard","hentry","category-alert-news"],"_links":{"self":[{"href":"https:\/\/www.giurgiuveanul.ro\/stiri\/wp-json\/wp\/v2\/posts\/78763","targetHints":{"allow":["GET"]}}],"collection":[{"href":"https:\/\/www.giurgiuveanul.ro\/stiri\/wp-json\/wp\/v2\/posts"}],"about":[{"href":"https:\/\/www.giurgiuveanul.ro\/stiri\/wp-json\/wp\/v2\/types\/post"}],"author":[{"embeddable":true,"href":"https:\/\/www.giurgiuveanul.ro\/stiri\/wp-json\/wp\/v2\/users\/1"}],"replies":[{"embeddable":true,"href":"https:\/\/www.giurgiuveanul.ro\/stiri\/wp-json\/wp\/v2\/comments?post=78763"}],"version-history":[{"count":0,"href":"https:\/\/www.giurgiuveanul.ro\/stiri\/wp-json\/wp\/v2\/posts\/78763\/revisions"}],"wp:attachment":[{"href":"https:\/\/www.giurgiuveanul.ro\/stiri\/wp-json\/wp\/v2\/media?parent=78763"}],"wp:term":[{"taxonomy":"category","embeddable":true,"href":"https:\/\/www.giurgiuveanul.ro\/stiri\/wp-json\/wp\/v2\/categories?post=78763"},{"taxonomy":"post_tag","embeddable":true,"href":"https:\/\/www.giurgiuveanul.ro\/stiri\/wp-json\/wp\/v2\/tags?post=78763"}],"curies":[{"name":"wp","href":"https:\/\/api.w.org\/{rel}","templated":true}]}}