{"id":78770,"date":"2021-04-04T18:34:29","date_gmt":"2021-04-04T15:34:29","guid":{"rendered":"https:\/\/www.giurgiuveanul.ro\/stiri\/?p=78770"},"modified":"2021-04-04T18:35:50","modified_gmt":"2021-04-04T15:35:50","slug":"14-protestatari-violenti-au-arestati-preventiv-astazi-in-urma-perchezitiilor-din-giurgiu-prahova-bucuresti-si-ilfov","status":"publish","type":"post","link":"https:\/\/www.giurgiuveanul.ro\/stiri\/14-protestatari-violenti-au-arestati-preventiv-astazi-in-urma-perchezitiilor-din-giurgiu-prahova-bucuresti-si-ilfov\/","title":{"rendered":"14 protestatari violen\u0163i au fost aresta\u021bi preventiv, ast\u0103zi, \u00een urma perchezi\u021biilor din Giurgiu, Prahova, Bucure\u0219ti \u0219i Ilfov"},"content":{"rendered":"<p style=\"text-align: justify;\"><strong><a href=\"https:\/\/www.giurgiuveanul.ro\/stiri\/wp-content\/uploads\/2021\/04\/000000-mascati-ipj-politie-arhiva.jpg\"><img loading=\"lazy\" decoding=\"async\" class=\"aligncenter wp-image-78771\" src=\"https:\/\/www.giurgiuveanul.ro\/stiri\/wp-content\/uploads\/2021\/04\/000000-mascati-ipj-politie-arhiva-560x342.jpg\" alt=\"\" width=\"580\" height=\"354\" srcset=\"https:\/\/www.giurgiuveanul.ro\/stiri\/wp-content\/uploads\/2021\/04\/000000-mascati-ipj-politie-arhiva-560x342.jpg 560w, https:\/\/www.giurgiuveanul.ro\/stiri\/wp-content\/uploads\/2021\/04\/000000-mascati-ipj-politie-arhiva-250x153.jpg 250w, https:\/\/www.giurgiuveanul.ro\/stiri\/wp-content\/uploads\/2021\/04\/000000-mascati-ipj-politie-arhiva-768x469.jpg 768w, https:\/\/www.giurgiuveanul.ro\/stiri\/wp-content\/uploads\/2021\/04\/000000-mascati-ipj-politie-arhiva-400x244.jpg 400w, https:\/\/www.giurgiuveanul.ro\/stiri\/wp-content\/uploads\/2021\/04\/000000-mascati-ipj-politie-arhiva.jpg 1024w\" sizes=\"auto, (max-width: 580px) 100vw, 580px\" \/><\/a>14 protestatari dintre cei<!--more--> 18 re\u021binu\u021bi, ieri, au fost aresta\u021bi preventiv duminic\u0103 diminea\u021b\u0103. Este vorba despre manifestan\u021bi care au participat la protestele violente din Pia\u021ba Unirii, din Bucure\u0219ti, \u00een noaptea de luni spre mar\u021bi. Ace\u0219tia au fost ridica\u021bi \u00een diminea\u0163a zilei de s\u00e2mb\u0103t\u0103 de la domicilii, \u00een urma unor perchezi\u0163ii. For\u021bele de ordine au g\u0103sit mai multe probe, inclusiv materiale pirotehnice.<\/strong><\/p>\n<p style=\"text-align: justify;\">12 jandarmi au fost r\u0103ni\u021bi, b\u0103nci \u0219i trei sta\u021bii de autobuz \u00een valoare de 32.000 de euro distruse \u00een centrul Capitalei. Este bilan\u021bul violen\u021belor din noaptea de 29 spre 30 martie, c\u00e2nd mai mul\u021bi protestatari au devenit agresivi. Dup\u0103 incidente, au fost aplicate 650 de amenzi \u00een valoare de peste 400.000 de lei \u0219i au fost deschise opt dosare penale pentru distrugere, potrivit digi24.ro.<\/p>\n<p style=\"text-align: justify;\"><em>\u201ePoli\u021bia Capitalei, sub coordonarea Parchetului a pus \u00een aplicare 24 de mandate de perchezi\u021bie domiciliar\u0103 \u00een Bucure\u0219ti, Ilfov, Giurgiu \u0219i Prahova \u0219i a pus \u00een aplicare \u0219i mai multe mandate de aducere \u00eentr-o cauza privind infrac\u021biunile din noaptea de 29 spre 30 din zona Pia\u021ba Unirii\u201d,<\/em> a declarat Diana Sarca, purt\u0103tor de cuv\u00e2nt al Poli\u021biei Capitalei.<\/p>\n","protected":false},"excerpt":{"rendered":"<p>14 protestatari dintre cei<\/p>\n","protected":false},"author":1,"featured_media":0,"comment_status":"open","ping_status":"open","sticky":false,"template":"","format":"standard","meta":{"footnotes":""},"categories":[6],"tags":[],"class_list":["post-78770","post","type-post","status-publish","format-standard","hentry","category-breaking-news"],"_links":{"self":[{"href":"https:\/\/www.giurgiuveanul.ro\/stiri\/wp-json\/wp\/v2\/posts\/78770","targetHints":{"allow":["GET"]}}],"collection":[{"href":"https:\/\/www.giurgiuveanul.ro\/stiri\/wp-json\/wp\/v2\/posts"}],"about":[{"href":"https:\/\/www.giurgiuveanul.ro\/stiri\/wp-json\/wp\/v2\/types\/post"}],"author":[{"embeddable":true,"href":"https:\/\/www.giurgiuveanul.ro\/stiri\/wp-json\/wp\/v2\/users\/1"}],"replies":[{"embeddable":true,"href":"https:\/\/www.giurgiuveanul.ro\/stiri\/wp-json\/wp\/v2\/comments?post=78770"}],"version-history":[{"count":0,"href":"https:\/\/www.giurgiuveanul.ro\/stiri\/wp-json\/wp\/v2\/posts\/78770\/revisions"}],"wp:attachment":[{"href":"https:\/\/www.giurgiuveanul.ro\/stiri\/wp-json\/wp\/v2\/media?parent=78770"}],"wp:term":[{"taxonomy":"category","embeddable":true,"href":"https:\/\/www.giurgiuveanul.ro\/stiri\/wp-json\/wp\/v2\/categories?post=78770"},{"taxonomy":"post_tag","embeddable":true,"href":"https:\/\/www.giurgiuveanul.ro\/stiri\/wp-json\/wp\/v2\/tags?post=78770"}],"curies":[{"name":"wp","href":"https:\/\/api.w.org\/{rel}","templated":true}]}}