{"id":78777,"date":"2021-04-05T17:30:40","date_gmt":"2021-04-05T14:30:40","guid":{"rendered":"https:\/\/www.giurgiuveanul.ro\/stiri\/?p=78777"},"modified":"2021-04-05T17:30:51","modified_gmt":"2021-04-05T14:30:51","slug":"barbat-aflat-sub-influenta-alcoolului-a-refuzat-sa-opreasca-la-semnalul-politistilor","status":"publish","type":"post","link":"https:\/\/www.giurgiuveanul.ro\/stiri\/barbat-aflat-sub-influenta-alcoolului-a-refuzat-sa-opreasca-la-semnalul-politistilor\/","title":{"rendered":"Conduc\u0103tor auto aflat sub influen\u021ba alcoolului, a refuzat s\u0103 opreasc\u0103 la semnalul poli\u021bi\u0219tilor"},"content":{"rendered":"<p style=\"text-align: justify;\"><a href=\"https:\/\/www.giurgiuveanul.ro\/stiri\/wp-content\/uploads\/2021\/04\/00000000000-girofar-politie-1-e1518609004407_29253000.jpg\"><img loading=\"lazy\" decoding=\"async\" class=\"aligncenter size-large wp-image-78779\" src=\"https:\/\/www.giurgiuveanul.ro\/stiri\/wp-content\/uploads\/2021\/04\/00000000000-girofar-politie-1-e1518609004407_29253000-560x315.jpg\" alt=\"\" width=\"560\" height=\"315\" srcset=\"https:\/\/www.giurgiuveanul.ro\/stiri\/wp-content\/uploads\/2021\/04\/00000000000-girofar-politie-1-e1518609004407_29253000-560x315.jpg 560w, https:\/\/www.giurgiuveanul.ro\/stiri\/wp-content\/uploads\/2021\/04\/00000000000-girofar-politie-1-e1518609004407_29253000-250x141.jpg 250w, https:\/\/www.giurgiuveanul.ro\/stiri\/wp-content\/uploads\/2021\/04\/00000000000-girofar-politie-1-e1518609004407_29253000-768x432.jpg 768w, https:\/\/www.giurgiuveanul.ro\/stiri\/wp-content\/uploads\/2021\/04\/00000000000-girofar-politie-1-e1518609004407_29253000-400x225.jpg 400w, https:\/\/www.giurgiuveanul.ro\/stiri\/wp-content\/uploads\/2021\/04\/00000000000-girofar-politie-1-e1518609004407_29253000.jpg 1200w\" sizes=\"auto, (max-width: 560px) 100vw, 560px\" \/><\/a>Poli\u021bi\u0219tii din cadrul Poli\u021biei<!--more--> ora\u0219 Bolintin-Vale, afl\u00e2ndu-se \u00een exercitarea atribu\u021biilor de serviciu, au observat un autovehicul care se deplasa din direc\u021bia Bolintin-Vale c\u0103tre satul Malu Spart, moment \u00een care, au efectuat semnal regulamentar de oprire, \u00eens\u0103 conduc\u0103torul auto \u0219i-a continuat deplasarea.<\/p>\n<p style=\"text-align: justify;\">Poli\u021bi\u0219tii au procedat la urm\u0103rirea conduc\u0103torului auto, ulterior fiind identificat pe strada Poarta Luncii.<\/p>\n<p style=\"text-align: justify;\">\u00centruc\u00e2t conduc\u0103torul auto, un b\u0103rbat de 53 de ani, emana halen\u0103 alcoolic\u0103 a fost testat cu aparatul etilotest, care a indicat valoarea de 0.59 mg\/l alcool pur \u00een aerul expirat, fiind condus la spital pentru recoltarea de probe biologice de s\u00e2nge \u00een vederea stabilirii alcoolemiei.<\/p>\n<p style=\"text-align: justify;\">\u00cen cauz\u0103 s-a \u00eentocmit dosar penal pentru s\u0103v\u00e2r\u0219irea infrac\u021biunii de conducerea unui vehicul sub influen\u021ba b\u0103uturilor alcoolice.<\/p>\n","protected":false},"excerpt":{"rendered":"<p>Poli\u021bi\u0219tii din cadrul Poli\u021biei<\/p>\n","protected":false},"author":1,"featured_media":0,"comment_status":"open","ping_status":"open","sticky":false,"template":"","format":"standard","meta":{"footnotes":""},"categories":[6],"tags":[],"class_list":["post-78777","post","type-post","status-publish","format-standard","hentry","category-breaking-news"],"_links":{"self":[{"href":"https:\/\/www.giurgiuveanul.ro\/stiri\/wp-json\/wp\/v2\/posts\/78777","targetHints":{"allow":["GET"]}}],"collection":[{"href":"https:\/\/www.giurgiuveanul.ro\/stiri\/wp-json\/wp\/v2\/posts"}],"about":[{"href":"https:\/\/www.giurgiuveanul.ro\/stiri\/wp-json\/wp\/v2\/types\/post"}],"author":[{"embeddable":true,"href":"https:\/\/www.giurgiuveanul.ro\/stiri\/wp-json\/wp\/v2\/users\/1"}],"replies":[{"embeddable":true,"href":"https:\/\/www.giurgiuveanul.ro\/stiri\/wp-json\/wp\/v2\/comments?post=78777"}],"version-history":[{"count":0,"href":"https:\/\/www.giurgiuveanul.ro\/stiri\/wp-json\/wp\/v2\/posts\/78777\/revisions"}],"wp:attachment":[{"href":"https:\/\/www.giurgiuveanul.ro\/stiri\/wp-json\/wp\/v2\/media?parent=78777"}],"wp:term":[{"taxonomy":"category","embeddable":true,"href":"https:\/\/www.giurgiuveanul.ro\/stiri\/wp-json\/wp\/v2\/categories?post=78777"},{"taxonomy":"post_tag","embeddable":true,"href":"https:\/\/www.giurgiuveanul.ro\/stiri\/wp-json\/wp\/v2\/tags?post=78777"}],"curies":[{"name":"wp","href":"https:\/\/api.w.org\/{rel}","templated":true}]}}